{"id":134374,"date":"2025-02-03T08:30:16","date_gmt":"2025-02-03T11:30:16","guid":{"rendered":"https:\/\/onordeste.com.br\/?p=134327"},"modified":"2025-02-03T08:30:16","modified_gmt":"2025-02-03T11:30:16","slug":"tcu-participa-de-debates-sobre-autonomia-de-instituicoes-de-controle-e-sustentabilidade","status":"publish","type":"post","link":"https:\/\/iparaiba.com.br\/index.php\/2025\/02\/03\/tcu-participa-de-debates-sobre-autonomia-de-instituicoes-de-controle-e-sustentabilidade\/","title":{"rendered":"TCU participa de debates sobre autonomia de institui\u00e7\u00f5es de controle e sustentabilidade"},"content":{"rendered":"<p>Ao longo desta semana, o presidente do Tribunal de Contas da Uni\u00e3o (TCU) e da Organiza\u00e7\u00e3o Internacional das Institui\u00e7\u00f5es Superiores de Controle (INTOSAI),\u00a0<strong>ministro Vital do R\u00eago<\/strong>, cumpriu uma s\u00e9rie de agendas em Paris, na Fran\u00e7a. A comitiva brasileira reuniu-se com chefes de institui\u00e7\u00f5es de controle de diversos pa\u00edses e com o secret\u00e1rio-geral da Organiza\u00e7\u00e3o para a Coopera\u00e7\u00e3o e o Desenvolvimento Econ\u00f4mico (OCDE), Mathias Cormann.<\/p>\n<p>Na segunda-feira (27\/1), o ministro discursou na abertura do evento\u00a0<strong>\u201cProjeto IDI-OCDE sobre Independ\u00eancia das ISC\u201d<\/strong>. O diretor-geral da Iniciativa de Desenvolvimento da INTOSAI (IDI), Einar G\u00f8rrissen, o vice-diretor de Governan\u00e7a P\u00fablica da OCDE, Janos Bartok, o controlador-geral dos Estados Unidos, Gene Dodaro, e o auditor-geral da Noruega e presidente do Conselho da IDI, Karl Eirik Schj\u00f8tt-Pedersen, tamb\u00e9m participaram.<\/p>\n<p>Em sua fala, Vital do R\u00eago destacou a import\u00e2ncia da\u00a0<strong>autonomia<\/strong>\u00a0das institui\u00e7\u00f5es de controle para\u00a0<strong>garantir a integridade da administra\u00e7\u00e3o p\u00fablica<\/strong>. \u201cA independ\u00eancia das institui\u00e7\u00f5es de controle \u00e9 a base para a constru\u00e7\u00e3o da confian\u00e7a, a garantia da integridade da administra\u00e7\u00e3o p\u00fablica e a promo\u00e7\u00e3o da prote\u00e7\u00e3o contra a corrup\u00e7\u00e3o e a inefici\u00eancia. \u00c9 por meio dessa autonomia que as ISC podem desempenhar plenamente seu papel como guardi\u00e3s dos recursos p\u00fablicos, assegurando que esses sejam utilizados de forma legal, eficiente e em benef\u00edcio da sociedade\u201d, afirmou.<\/p>\n<p>Lan\u00e7ado em 2024, o Projeto Global sobre Independ\u00eancia das ISC \u00e9 uma<strong>\u00a0iniciativa conjunta da OCDE e da IDI<\/strong>, com o objetivo de fortalecer a autonomia das institui\u00e7\u00f5es de auditoria governamental ao redor do mundo. Diferente de abordagens que focam apenas em marcos legais, o projeto busca\u00a0<strong>entender os desafios pr\u00e1ticos que afetam a independ\u00eancia das institui\u00e7\u00f5es de controle<\/strong>. Para isso, conta com apoio do Fundo Monet\u00e1rio Internacional (FMI), do Banco Mundial, da Secretaria-Geral da INTOSAI e do Comit\u00ea de Pol\u00edticas, Finan\u00e7as e Administra\u00e7\u00e3o da INTOSAI (PFAC).<\/p>\n<p>\u201cO Projeto Global que nos re\u00fane hoje representa o esfor\u00e7o coletivo para consolidar a autonomia das ISC globalmente. Com sua abordagem original, estou confiante de que a iniciativa trar\u00e1 impactos positivos e duradouros para aprimorar nossas institui\u00e7\u00f5es\u201d, pontuou Vital do R\u00eago.<\/p>\n","protected":false},"excerpt":{"rendered":"<p>Ao longo desta semana, o presidente do Tribunal de Contas da Uni\u00e3o (TCU) e da Organiza\u00e7\u00e3o Internacional das Institui\u00e7\u00f5es Superiores de Controle (INTOSAI),\u00a0ministro Vital do R\u00eago, cumpriu uma s\u00e9rie de agendas em Paris, na Fran\u00e7a. A comitiva brasileira reuniu-se com chefes de institui\u00e7\u00f5es de controle de diversos pa\u00edses e com o secret\u00e1rio-geral da Organiza\u00e7\u00e3o para &hellip;<\/p>\n","protected":false},"author":1,"featured_media":97655,"comment_status":"open","ping_status":"open","sticky":false,"template":"","format":"standard","meta":{"footnotes":""},"categories":[7],"tags":[],"class_list":["post-134374","post","type-post","status-publish","format-standard","has-post-thumbnail","hentry","category-diversas"],"_links":{"self":[{"href":"https:\/\/iparaiba.com.br\/index.php\/wp-json\/wp\/v2\/posts\/134374","targetHints":{"allow":["GET"]}}],"collection":[{"href":"https:\/\/iparaiba.com.br\/index.php\/wp-json\/wp\/v2\/posts"}],"about":[{"href":"https:\/\/iparaiba.com.br\/index.php\/wp-json\/wp\/v2\/types\/post"}],"author":[{"embeddable":true,"href":"https:\/\/iparaiba.com.br\/index.php\/wp-json\/wp\/v2\/users\/1"}],"replies":[{"embeddable":true,"href":"https:\/\/iparaiba.com.br\/index.php\/wp-json\/wp\/v2\/comments?post=134374"}],"version-history":[{"count":0,"href":"https:\/\/iparaiba.com.br\/index.php\/wp-json\/wp\/v2\/posts\/134374\/revisions"}],"wp:featuredmedia":[{"embeddable":true,"href":"https:\/\/iparaiba.com.br\/index.php\/wp-json\/wp\/v2\/media\/97655"}],"wp:attachment":[{"href":"https:\/\/iparaiba.com.br\/index.php\/wp-json\/wp\/v2\/media?parent=134374"}],"wp:term":[{"taxonomy":"category","embeddable":true,"href":"https:\/\/iparaiba.com.br\/index.php\/wp-json\/wp\/v2\/categories?post=134374"},{"taxonomy":"post_tag","embeddable":true,"href":"https:\/\/iparaiba.com.br\/index.php\/wp-json\/wp\/v2\/tags?post=134374"}],"curies":[{"name":"wp","href":"https:\/\/api.w.org\/{rel}","templated":true}]}}