{"id":134368,"date":"2025-02-03T13:13:09","date_gmt":"2025-02-03T16:13:09","guid":{"rendered":"https:\/\/onordeste.com.br\/?p=134368"},"modified":"2025-02-03T13:13:09","modified_gmt":"2025-02-03T16:13:09","slug":"ministerio-da-educacao-lanca-guias-para-orientar-o-uso-de-celulares-na-escola","status":"publish","type":"post","link":"https:\/\/iparaiba.com.br\/index.php\/2025\/02\/03\/ministerio-da-educacao-lanca-guias-para-orientar-o-uso-de-celulares-na-escola\/","title":{"rendered":"Minist\u00e9rio da Educa\u00e7\u00e3o lan\u00e7a guias para orientar o uso de celulares na escola"},"content":{"rendered":"<p style=\"font-weight: 600;\">O Minist\u00e9rio da Educa\u00e7\u00e3o (MEC), por meio da Secretaria de Educa\u00e7\u00e3o B\u00e1sica (SEB), lan\u00e7ou\u00a0dois guias pr\u00e1ticos\u00a0acerca\u00a0do uso\u00a0equilibrado e consciente\u00a0de celulares na escola. Os\u00a0materiais foram publicados em uma cole\u00e7\u00e3o digital sobre o tema\u00a0na\u00a0<a href=\"https:\/\/mecred.mec.gov.br\/busca?page=Collection\">plataforma MEC RED<\/a>. Um \u00e9 voltado\u00a0\u00e0s\u00a0<a href=\"https:\/\/mecred.mec.gov.br\/recurso\/364589?collectionId=16247\">escolas de todo\u00a0o Pa\u00eds\u00a0<\/a>,\u00a0e o outro, \u00e0s\u00a0<a href=\"https:\/\/mecred.mec.gov.br\/recurso\/364590?collectionId=16247\">redes de educa\u00e7\u00e3o<\/a>. O material foi apresentado\u00a0durante o webin\u00e1rio \u201cPor que discutir o uso de celulares nas escolas? Reflex\u00f5es e estrat\u00e9gias para um uso consciente\u201d,\u00a0transmitido pelo\u00a0canal\u00a0do\u00a0<a href=\"https:\/\/www.youtube.com\/watch?v=kQ-smVz9SAs\">MEC\u00a0<\/a>e do\u00a0<a href=\"https:\/\/www.youtube.com\/channel\/UCMKgvsXzGLUDyRX62TdpRIQ\">Conviva Educa\u00e7\u00e3o\u00a0<\/a>no YouTube.<\/p>\n<p style=\"font-weight: 600;\">Os guias buscam\u00a0conscientizar sobre uso respons\u00e1vel de\u00a0dispositivos digitais\u00a0e\u00a0apresentam\u00a0estrat\u00e9gias e diretrizes para apoiar\u00a0a implementa\u00e7\u00e3o da nova legisla\u00e7\u00e3o, al\u00e9m de\u00a0orienta\u00e7\u00f5es pr\u00e1ticas acerca dos desafios, das oportunidades e das estrat\u00e9gias para o uso consciente dos celulares no ambiente escolar. O foco \u00e9 o uso pedag\u00f3gico.<\/p>\n<p style=\"font-weight: 600;\">Para o ministro da Educa\u00e7\u00e3o, Camilo Santana, a\u00a0restri\u00e7\u00e3o do uso de celular\u00a0visa alertar a popula\u00e7\u00e3o sobre os danos que o uso excessivo desses equipamentos tem causado na aprendizagem e na qualidade de vida das pessoas.\u00a0\u201c\u00a0Claro que o celular e outros aparelhos eletr\u00f4nicos, como o tablet, poder\u00e3o ser utilizado\u00a0s\u00a0para fins pedag\u00f3gicos. N\u00e3o queremos proibir o uso, mas sim proteger nossas crian\u00e7as, contribuindo para que a escola seja um ambiente de aprendizagem e intera\u00e7\u00e3o, com o uso restrito dessas ferramentas\u00a0\u201d, explicou\u00a0.<\/p>\n<p style=\"font-weight: 600;\">A\u00a0<a href=\"https:\/\/www.in.gov.br\/en\/web\/dou\/-\/lei-n-15.100-de-13-de-janeiro-de-2025-606772935\">Lei n\u00ba 15.100\/2025\u00a0<\/a>, sancionada neste ano pelo presidente da Rep\u00fablica, Luiz In\u00e1cio Lula da Silva, regulamenta o uso de aparelhos eletr\u00f4nicos port\u00e1teis pessoais durante aulas, recreios e intervalos em todas as etapas da educa\u00e7\u00e3o b\u00e1sica. A veda\u00e7\u00e3o n\u00e3o se aplica ao uso pedag\u00f3gico desses dispositivos. As exce\u00e7\u00f5es s\u00e3o permitidas apenas para casos de necessidade, perigo ou for\u00e7a maior. A lei tamb\u00e9m assegura o uso desses dispositivos para fins de acessibilidade, inclus\u00e3o, condi\u00e7\u00f5es de sa\u00fade ou garantia de direitos fundamentais.<\/p>\n<p style=\"font-weight: 600;\">Webin\u00e1rio\u00a0\u2013\u00a0Na abertura do webin\u00e1rio\u00a0\u201cPor que discutir o uso de celulares nas escolas? Reflex\u00f5es e estrat\u00e9gias para um uso consciente\u201d,\u00a0a secret\u00e1ria de Educa\u00e7\u00e3o B\u00e1sica, K\u00e1tia\u00a0Schweickardt,\u00a0afirmou que a lei\u00a0busca\u00a0otimizar o\u00a0uso\u00a0do celular\u00a0e\u00a0potencializar os\u00a0seus\u00a0benef\u00edcios\u00a0com o uso pedag\u00f3gico do aparelho.\u00a0\u201cJ\u00e1 sabemos dos\u00a0efeitos nocivos, que\u00a0as nossas crian\u00e7as,\u00a0adolescentes e jovens t\u00eam muita dificuldade de concentra\u00e7\u00e3o, al\u00e9m de\u00a0uma s\u00e9rie de danos\u00a0socioemocionais\u00a0que\u00a0v\u00eam sendo\u00a0causados pelo mau uso\u00a0\u201d, disse.<\/p>\n<p style=\"font-weight: 600;\">Schweickardt\u00a0observou que antigamente havia nas escolas\u00a0momentos de intera\u00e7\u00e3o na hora dos intervalos\u00a0e que \u00e9 muito importante a volta desse contato entre os alunos.\u00a0Com\u00a0o uso dos celulares, isso\u00a0praticamente\u00a0deixou de existir no ambiente escolar,\u00a0segundo ela. \u201cEssa era a\u00a0hora\u00a0em\u00a0que a gente\u00a0fazia amigos,\u00a0brincava,\u00a0jogava,\u00a0ficava em uma roda de conversa.\u00a0\u00c9\u00a0isso que a gente est\u00e1 propondo retomar, que\u00a0o celular na escola seja\u00a0usado\u00a0apenas\u00a0com\u00a0a orienta\u00e7\u00e3o e supervis\u00e3o de uma professora,\u00a0de um profissional da educa\u00e7\u00e3o,\u00a0para uma atividade orientada,\u00a0intencional e pedagogicamente constru\u00edda\u201d, destacou.<\/p>\n","protected":false},"excerpt":{"rendered":"<p>O Minist\u00e9rio da Educa\u00e7\u00e3o (MEC), por meio da Secretaria de Educa\u00e7\u00e3o B\u00e1sica (SEB), lan\u00e7ou\u00a0dois guias pr\u00e1ticos\u00a0acerca\u00a0do uso\u00a0equilibrado e consciente\u00a0de celulares na escola. Os\u00a0materiais foram publicados em uma cole\u00e7\u00e3o digital sobre o tema\u00a0na\u00a0plataforma MEC RED. Um \u00e9 voltado\u00a0\u00e0s\u00a0escolas de todo\u00a0o Pa\u00eds\u00a0,\u00a0e o outro, \u00e0s\u00a0redes de educa\u00e7\u00e3o. O material foi apresentado\u00a0durante o webin\u00e1rio \u201cPor que discutir o &hellip;<\/p>\n","protected":false},"author":1,"featured_media":98194,"comment_status":"open","ping_status":"open","sticky":false,"template":"","format":"standard","meta":{"footnotes":""},"categories":[11],"tags":[],"class_list":["post-134368","post","type-post","status-publish","format-standard","has-post-thumbnail","hentry","category-educacao"],"_links":{"self":[{"href":"https:\/\/iparaiba.com.br\/index.php\/wp-json\/wp\/v2\/posts\/134368","targetHints":{"allow":["GET"]}}],"collection":[{"href":"https:\/\/iparaiba.com.br\/index.php\/wp-json\/wp\/v2\/posts"}],"about":[{"href":"https:\/\/iparaiba.com.br\/index.php\/wp-json\/wp\/v2\/types\/post"}],"author":[{"embeddable":true,"href":"https:\/\/iparaiba.com.br\/index.php\/wp-json\/wp\/v2\/users\/1"}],"replies":[{"embeddable":true,"href":"https:\/\/iparaiba.com.br\/index.php\/wp-json\/wp\/v2\/comments?post=134368"}],"version-history":[{"count":1,"href":"https:\/\/iparaiba.com.br\/index.php\/wp-json\/wp\/v2\/posts\/134368\/revisions"}],"predecessor-version":[{"id":134383,"href":"https:\/\/iparaiba.com.br\/index.php\/wp-json\/wp\/v2\/posts\/134368\/revisions\/134383"}],"wp:featuredmedia":[{"embeddable":true,"href":"https:\/\/iparaiba.com.br\/index.php\/wp-json\/wp\/v2\/media\/98194"}],"wp:attachment":[{"href":"https:\/\/iparaiba.com.br\/index.php\/wp-json\/wp\/v2\/media?parent=134368"}],"wp:term":[{"taxonomy":"category","embeddable":true,"href":"https:\/\/iparaiba.com.br\/index.php\/wp-json\/wp\/v2\/categories?post=134368"},{"taxonomy":"post_tag","embeddable":true,"href":"https:\/\/iparaiba.com.br\/index.php\/wp-json\/wp\/v2\/tags?post=134368"}],"curies":[{"name":"wp","href":"https:\/\/api.w.org\/{rel}","templated":true}]}}