{"id":134366,"date":"2025-02-05T11:00:03","date_gmt":"2025-02-05T14:00:03","guid":{"rendered":"https:\/\/onordeste.com.br\/?p=134366"},"modified":"2025-02-05T11:00:03","modified_gmt":"2025-02-05T14:00:03","slug":"enem-ppl-26-pessoas-privadas-de-liberdade-sao-selecionadas-pelo-sisu","status":"publish","type":"post","link":"https:\/\/iparaiba.com.br\/index.php\/2025\/02\/05\/enem-ppl-26-pessoas-privadas-de-liberdade-sao-selecionadas-pelo-sisu\/","title":{"rendered":"Enem PPL: 26 pessoas privadas de liberdade s\u00e3o selecionadas pelo Sisu"},"content":{"rendered":"<p>Apol\u00edtica de reinser\u00e7\u00e3o social de pessoas privadas de liberdade na Para\u00edba tem obtido resultados que repercutem nacionalmente. Um dos destaques essa semana \u00e9 o quantitativo de pessoas privadas de liberdades selecionadas no Sistema de Sele\u00e7\u00e3o Unificada (Sisu) para cursos de n\u00edvel superior em institui\u00e7\u00f5es p\u00fablicas de ensino.<\/p>\n<p>At\u00e9 esta quarta-feira (29), a Secretaria de Estado da Administra\u00e7\u00e3o Penitenci\u00e1ria (Seap), por meio da Ger\u00eancia Executiva de Ressocializa\u00e7\u00e3o (GER), contabilizou o quantitativo de 26 selecionados para cursos de n\u00edvel superior em institui\u00e7\u00f5es p\u00fablicas de ensino.\u00a0Destaque para 22 aprova\u00e7\u00f5es para o curso de Letras EAD do IFPB, um dos cursos mais concorridos da institui\u00e7\u00e3o.<\/p>\n","protected":false},"excerpt":{"rendered":"<p>Apol\u00edtica de reinser\u00e7\u00e3o social de pessoas privadas de liberdade na Para\u00edba tem obtido resultados que repercutem nacionalmente. Um dos destaques essa semana \u00e9 o quantitativo de pessoas privadas de liberdades selecionadas no Sistema de Sele\u00e7\u00e3o Unificada (Sisu) para cursos de n\u00edvel superior em institui\u00e7\u00f5es p\u00fablicas de ensino. At\u00e9 esta quarta-feira (29), a Secretaria de Estado &hellip;<\/p>\n","protected":false},"author":1,"featured_media":104189,"comment_status":"open","ping_status":"open","sticky":false,"template":"","format":"standard","meta":{"footnotes":""},"categories":[11],"tags":[],"class_list":["post-134366","post","type-post","status-publish","format-standard","has-post-thumbnail","hentry","category-educacao"],"_links":{"self":[{"href":"https:\/\/iparaiba.com.br\/index.php\/wp-json\/wp\/v2\/posts\/134366","targetHints":{"allow":["GET"]}}],"collection":[{"href":"https:\/\/iparaiba.com.br\/index.php\/wp-json\/wp\/v2\/posts"}],"about":[{"href":"https:\/\/iparaiba.com.br\/index.php\/wp-json\/wp\/v2\/types\/post"}],"author":[{"embeddable":true,"href":"https:\/\/iparaiba.com.br\/index.php\/wp-json\/wp\/v2\/users\/1"}],"replies":[{"embeddable":true,"href":"https:\/\/iparaiba.com.br\/index.php\/wp-json\/wp\/v2\/comments?post=134366"}],"version-history":[{"count":1,"href":"https:\/\/iparaiba.com.br\/index.php\/wp-json\/wp\/v2\/posts\/134366\/revisions"}],"predecessor-version":[{"id":134396,"href":"https:\/\/iparaiba.com.br\/index.php\/wp-json\/wp\/v2\/posts\/134366\/revisions\/134396"}],"wp:featuredmedia":[{"embeddable":true,"href":"https:\/\/iparaiba.com.br\/index.php\/wp-json\/wp\/v2\/media\/104189"}],"wp:attachment":[{"href":"https:\/\/iparaiba.com.br\/index.php\/wp-json\/wp\/v2\/media?parent=134366"}],"wp:term":[{"taxonomy":"category","embeddable":true,"href":"https:\/\/iparaiba.com.br\/index.php\/wp-json\/wp\/v2\/categories?post=134366"},{"taxonomy":"post_tag","embeddable":true,"href":"https:\/\/iparaiba.com.br\/index.php\/wp-json\/wp\/v2\/tags?post=134366"}],"curies":[{"name":"wp","href":"https:\/\/api.w.org\/{rel}","templated":true}]}}