{"id":134362,"date":"2025-02-04T18:57:55","date_gmt":"2025-02-04T21:57:55","guid":{"rendered":"https:\/\/onordeste.com.br\/?p=134360"},"modified":"2025-02-04T18:57:55","modified_gmt":"2025-02-04T21:57:55","slug":"sistema-penitenciario-tera-central-de-regulacao-de-vagas","status":"publish","type":"post","link":"https:\/\/iparaiba.com.br\/index.php\/2025\/02\/04\/sistema-penitenciario-tera-central-de-regulacao-de-vagas\/","title":{"rendered":"Sistema Penitenci\u00e1rio ter\u00e1 Central de Regula\u00e7\u00e3o de Vagas"},"content":{"rendered":"<p>Um momento hist\u00f3rico para o Sistema Penitenci\u00e1rio da Para\u00edba. Nesta sexta-feira (31) foi firmado um acordo de coopera\u00e7\u00e3o t\u00e9cnica entre a Secretaria de Estado da Administra\u00e7\u00e3o Penitenci\u00e1ria e o Tribunal de Justi\u00e7a para implanta\u00e7\u00e3o da Central de Regula\u00e7\u00e3o de Vagas, que visa administrar a ocupa\u00e7\u00e3o das unidades prisionais de forma sustent\u00e1vel, garantindo que cada vaga prisional seja ocupada por apenas uma pessoa, evitando a superlota\u00e7\u00e3o.<\/p>\n<p>O acordo foi assinado pelo secret\u00e1rio de Administra\u00e7\u00e3o Penitenci\u00e1ria, Jo\u00e3o Alves, pelo presidente do Tribunal de Justi\u00e7a, desembargador Jo\u00e3o Benedito da Silva, e pelo corregedor-geral de Justi\u00e7a, desembargador Carlos Beltr\u00e3o, durante solenidade na sede do TJPB. Com isso, a Para\u00edba tornou-se o segundo Estado brasileiro a implementar a Central de Regula\u00e7\u00e3o de Vagas no sistema prisional.<\/p>\n<p>A Central de Vagas \u00e9 uma iniciativa coordenada pelo programa Fazendo Justi\u00e7a, uma parceria entre o Conselho Nacional de Justi\u00e7a (CNJ) e o Programa das Na\u00e7\u00f5es Unidas para o Desenvolvimento (PNUD). O Judici\u00e1rio, ao integrar as vagas in\u00fateis de audi\u00eancia de cust\u00f3dia, as vagas criminais e as de execu\u00e7\u00e3o penal, assumem um papel singular no controle do fluxo entre as portas de entrada e sa\u00edda do sistema penal.<\/p>\n","protected":false},"excerpt":{"rendered":"<p>Um momento hist\u00f3rico para o Sistema Penitenci\u00e1rio da Para\u00edba. Nesta sexta-feira (31) foi firmado um acordo de coopera\u00e7\u00e3o t\u00e9cnica entre a Secretaria de Estado da Administra\u00e7\u00e3o Penitenci\u00e1ria e o Tribunal de Justi\u00e7a para implanta\u00e7\u00e3o da Central de Regula\u00e7\u00e3o de Vagas, que visa administrar a ocupa\u00e7\u00e3o das unidades prisionais de forma sustent\u00e1vel, garantindo que cada vaga &hellip;<\/p>\n","protected":false},"author":1,"featured_media":97810,"comment_status":"open","ping_status":"open","sticky":false,"template":"","format":"standard","meta":{"footnotes":""},"categories":[13],"tags":[],"class_list":["post-134362","post","type-post","status-publish","format-standard","has-post-thumbnail","hentry","category-policial"],"_links":{"self":[{"href":"https:\/\/iparaiba.com.br\/index.php\/wp-json\/wp\/v2\/posts\/134362","targetHints":{"allow":["GET"]}}],"collection":[{"href":"https:\/\/iparaiba.com.br\/index.php\/wp-json\/wp\/v2\/posts"}],"about":[{"href":"https:\/\/iparaiba.com.br\/index.php\/wp-json\/wp\/v2\/types\/post"}],"author":[{"embeddable":true,"href":"https:\/\/iparaiba.com.br\/index.php\/wp-json\/wp\/v2\/users\/1"}],"replies":[{"embeddable":true,"href":"https:\/\/iparaiba.com.br\/index.php\/wp-json\/wp\/v2\/comments?post=134362"}],"version-history":[{"count":1,"href":"https:\/\/iparaiba.com.br\/index.php\/wp-json\/wp\/v2\/posts\/134362\/revisions"}],"predecessor-version":[{"id":134393,"href":"https:\/\/iparaiba.com.br\/index.php\/wp-json\/wp\/v2\/posts\/134362\/revisions\/134393"}],"wp:featuredmedia":[{"embeddable":true,"href":"https:\/\/iparaiba.com.br\/index.php\/wp-json\/wp\/v2\/media\/97810"}],"wp:attachment":[{"href":"https:\/\/iparaiba.com.br\/index.php\/wp-json\/wp\/v2\/media?parent=134362"}],"wp:term":[{"taxonomy":"category","embeddable":true,"href":"https:\/\/iparaiba.com.br\/index.php\/wp-json\/wp\/v2\/categories?post=134362"},{"taxonomy":"post_tag","embeddable":true,"href":"https:\/\/iparaiba.com.br\/index.php\/wp-json\/wp\/v2\/tags?post=134362"}],"curies":[{"name":"wp","href":"https:\/\/api.w.org\/{rel}","templated":true}]}}