{"id":134360,"date":"2025-02-04T14:00:35","date_gmt":"2025-02-04T17:00:35","guid":{"rendered":"https:\/\/onordeste.com.br\/?p=134356"},"modified":"2025-02-04T14:00:35","modified_gmt":"2025-02-04T17:00:35","slug":"matriculas-da-rede-estadual-sao-prorrogadas","status":"publish","type":"post","link":"https:\/\/iparaiba.com.br\/index.php\/2025\/02\/04\/matriculas-da-rede-estadual-sao-prorrogadas\/","title":{"rendered":"Matr\u00edculas da Rede Estadual s\u00e3o prorrogadas"},"content":{"rendered":"<p>O Governo da Para\u00edba, por meio da Secretaria de Estado da Educa\u00e7\u00e3o (SEE-PB), prorrogou o prazo para a realiza\u00e7\u00e3o da matr\u00edcula presencial nas escolas da Rede P\u00fablica Estadual at\u00e9 o dia 4 de fevereiro. Os estudantes que n\u00e3o realizaram a pr\u00e9-matr\u00edcula em dezembro de 2024 ou que ainda n\u00e3o efetivaram a matr\u00edcula t\u00eam um novo prazo para comparecer \u00e0 unidade escolar de interesse dentro do hor\u00e1rio de funcionamento da institui\u00e7\u00e3o.<\/p>\n<p>A rede estadual oferece mais de 450 mil vagas, atendendo estudantes da educa\u00e7\u00e3o b\u00e1sica obrigat\u00f3ria e gratuita para crian\u00e7as e adolescentes de 4 a 17 anos, conforme determina a Lei de Diretrizes e Bases da Educa\u00e7\u00e3o (LDB). Al\u00e9m disso, as escolas de Ensino M\u00e9dio T\u00e9cnico disponibilizam mais de 60 cursos profissionalizantes para qualifica\u00e7\u00e3o dos estudantes.<\/p>\n<p>Para efetivar a matr\u00edcula dos novos alunos, \u00e9 necess\u00e1rio apresentar RG e CPF, certid\u00e3o de nascimento ou casamento, comprovante de resid\u00eancia, hist\u00f3rico escolar, transfer\u00eancia, cart\u00e3o de vacina\u00e7\u00e3o e, se aplic\u00e1vel, laudo m\u00e9dico ou documento que informe restri\u00e7\u00e3o alimentar. Alunos que se enquadram em situa\u00e7\u00f5es espec\u00edficas, como migrantes e aqueles em medidas socioeducativas, devem apresentar documenta\u00e7\u00e3o complementar.<\/p>\n","protected":false},"excerpt":{"rendered":"<p>O Governo da Para\u00edba, por meio da Secretaria de Estado da Educa\u00e7\u00e3o (SEE-PB), prorrogou o prazo para a realiza\u00e7\u00e3o da matr\u00edcula presencial nas escolas da Rede P\u00fablica Estadual at\u00e9 o dia 4 de fevereiro. Os estudantes que n\u00e3o realizaram a pr\u00e9-matr\u00edcula em dezembro de 2024 ou que ainda n\u00e3o efetivaram a matr\u00edcula t\u00eam um novo &hellip;<\/p>\n","protected":false},"author":1,"featured_media":109083,"comment_status":"open","ping_status":"open","sticky":false,"template":"","format":"standard","meta":{"footnotes":""},"categories":[11],"tags":[],"class_list":["post-134360","post","type-post","status-publish","format-standard","has-post-thumbnail","hentry","category-educacao"],"_links":{"self":[{"href":"https:\/\/iparaiba.com.br\/index.php\/wp-json\/wp\/v2\/posts\/134360","targetHints":{"allow":["GET"]}}],"collection":[{"href":"https:\/\/iparaiba.com.br\/index.php\/wp-json\/wp\/v2\/posts"}],"about":[{"href":"https:\/\/iparaiba.com.br\/index.php\/wp-json\/wp\/v2\/types\/post"}],"author":[{"embeddable":true,"href":"https:\/\/iparaiba.com.br\/index.php\/wp-json\/wp\/v2\/users\/1"}],"replies":[{"embeddable":true,"href":"https:\/\/iparaiba.com.br\/index.php\/wp-json\/wp\/v2\/comments?post=134360"}],"version-history":[{"count":1,"href":"https:\/\/iparaiba.com.br\/index.php\/wp-json\/wp\/v2\/posts\/134360\/revisions"}],"predecessor-version":[{"id":134391,"href":"https:\/\/iparaiba.com.br\/index.php\/wp-json\/wp\/v2\/posts\/134360\/revisions\/134391"}],"wp:featuredmedia":[{"embeddable":true,"href":"https:\/\/iparaiba.com.br\/index.php\/wp-json\/wp\/v2\/media\/109083"}],"wp:attachment":[{"href":"https:\/\/iparaiba.com.br\/index.php\/wp-json\/wp\/v2\/media?parent=134360"}],"wp:term":[{"taxonomy":"category","embeddable":true,"href":"https:\/\/iparaiba.com.br\/index.php\/wp-json\/wp\/v2\/categories?post=134360"},{"taxonomy":"post_tag","embeddable":true,"href":"https:\/\/iparaiba.com.br\/index.php\/wp-json\/wp\/v2\/tags?post=134360"}],"curies":[{"name":"wp","href":"https:\/\/api.w.org\/{rel}","templated":true}]}}