{"id":134359,"date":"2025-02-04T12:00:39","date_gmt":"2025-02-04T15:00:39","guid":{"rendered":"https:\/\/onordeste.com.br\/?p=134354"},"modified":"2025-02-04T12:00:39","modified_gmt":"2025-02-04T15:00:39","slug":"investimentos-de-r-300-milhoes-na-saude-vao-ampliar-acoes","status":"publish","type":"post","link":"https:\/\/iparaiba.com.br\/index.php\/2025\/02\/04\/investimentos-de-r-300-milhoes-na-saude-vao-ampliar-acoes\/","title":{"rendered":"Investimentos de R$ 300 milh\u00f5es na Sa\u00fade v\u00e3o ampliar a\u00e7\u00f5es"},"content":{"rendered":"<p>ASa\u00fade da Para\u00edba receber\u00e1 investimentos de R$ 300 milh\u00f5es como parte do programa \u201cPara\u00edba 2025-2026\u201d, anunciado pelo governador Jo\u00e3o Azev\u00eado nessa segunda-feira (13), em solenidade realizada no Teatro Paulo Pontes, no Espa\u00e7o Cultural Jos\u00e9 Lins do Rego, em Jo\u00e3o Pessoa. Os recursos ser\u00e3o destinados a um conjunto de a\u00e7\u00f5es e obras que transformar\u00e3o o acesso a servi\u00e7os de sa\u00fade em todas as regi\u00f5es do estado.<\/p>\n<p>Entre as principais iniciativas est\u00e3o a constru\u00e7\u00e3o do Hospital da Mulher do Sert\u00e3o, em Sousa, a implanta\u00e7\u00e3o de policl\u00ednicas em Jo\u00e3o Pessoa e Campina Grande, e a cria\u00e7\u00e3o de novos centros de hemodi\u00e1lise em Pombal, Picu\u00ed, Mamanguape, Catol\u00e9 do Rocha e Pianc\u00f3. Essas obras ampliar\u00e3o significativamente a oferta de tratamentos essenciais para os paraibanos que vivem no interior do Estado.<\/p>\n<p>O programa tamb\u00e9m inclui o lan\u00e7amento do Sa\u00fade Itinerante, que levar\u00e1 servi\u00e7os m\u00e9dicos especializados aos munic\u00edpios por meio de unidades m\u00f3veis equipadas com tecnologia de ponta. Essas carretas oferecer\u00e3o consultas cardiol\u00f3gicas, pedi\u00e1tricas, exames de imagem, procedimentos odontol\u00f3gicos e a\u00e7\u00f5es inovadoras, como castra\u00e7\u00e3o de animais dom\u00e9sticos e campanhas de vacina\u00e7\u00e3o.<\/p>\n","protected":false},"excerpt":{"rendered":"<p>ASa\u00fade da Para\u00edba receber\u00e1 investimentos de R$ 300 milh\u00f5es como parte do programa \u201cPara\u00edba 2025-2026\u201d, anunciado pelo governador Jo\u00e3o Azev\u00eado nessa segunda-feira (13), em solenidade realizada no Teatro Paulo Pontes, no Espa\u00e7o Cultural Jos\u00e9 Lins do Rego, em Jo\u00e3o Pessoa. Os recursos ser\u00e3o destinados a um conjunto de a\u00e7\u00f5es e obras que transformar\u00e3o o acesso &hellip;<\/p>\n","protected":false},"author":1,"featured_media":97614,"comment_status":"open","ping_status":"open","sticky":false,"template":"","format":"standard","meta":{"footnotes":""},"categories":[2],"tags":[],"class_list":["post-134359","post","type-post","status-publish","format-standard","has-post-thumbnail","hentry","category-saude"],"_links":{"self":[{"href":"https:\/\/iparaiba.com.br\/index.php\/wp-json\/wp\/v2\/posts\/134359","targetHints":{"allow":["GET"]}}],"collection":[{"href":"https:\/\/iparaiba.com.br\/index.php\/wp-json\/wp\/v2\/posts"}],"about":[{"href":"https:\/\/iparaiba.com.br\/index.php\/wp-json\/wp\/v2\/types\/post"}],"author":[{"embeddable":true,"href":"https:\/\/iparaiba.com.br\/index.php\/wp-json\/wp\/v2\/users\/1"}],"replies":[{"embeddable":true,"href":"https:\/\/iparaiba.com.br\/index.php\/wp-json\/wp\/v2\/comments?post=134359"}],"version-history":[{"count":1,"href":"https:\/\/iparaiba.com.br\/index.php\/wp-json\/wp\/v2\/posts\/134359\/revisions"}],"predecessor-version":[{"id":134390,"href":"https:\/\/iparaiba.com.br\/index.php\/wp-json\/wp\/v2\/posts\/134359\/revisions\/134390"}],"wp:featuredmedia":[{"embeddable":true,"href":"https:\/\/iparaiba.com.br\/index.php\/wp-json\/wp\/v2\/media\/97614"}],"wp:attachment":[{"href":"https:\/\/iparaiba.com.br\/index.php\/wp-json\/wp\/v2\/media?parent=134359"}],"wp:term":[{"taxonomy":"category","embeddable":true,"href":"https:\/\/iparaiba.com.br\/index.php\/wp-json\/wp\/v2\/categories?post=134359"},{"taxonomy":"post_tag","embeddable":true,"href":"https:\/\/iparaiba.com.br\/index.php\/wp-json\/wp\/v2\/tags?post=134359"}],"curies":[{"name":"wp","href":"https:\/\/api.w.org\/{rel}","templated":true}]}}