{"id":134358,"date":"2025-02-04T10:00:19","date_gmt":"2025-02-04T13:00:19","guid":{"rendered":"https:\/\/onordeste.com.br\/?p=134352"},"modified":"2025-02-04T10:00:19","modified_gmt":"2025-02-04T13:00:19","slug":"programa-empreender-pb-realiza-2o-ciclo-de-inscricoes-para-28-cidades","status":"publish","type":"post","link":"https:\/\/iparaiba.com.br\/index.php\/2025\/02\/04\/programa-empreender-pb-realiza-2o-ciclo-de-inscricoes-para-28-cidades\/","title":{"rendered":"Programa Empreender PB realiza 2\u00ba ciclo de inscri\u00e7\u00f5es para 28 cidades"},"content":{"rendered":"<p>O\u00a0Governo da Para\u00edba, por meio do Programa Empreender PB, inicia nesta quarta-feira (29) mais um ciclo de concess\u00e3o de cr\u00e9dito orientado para atender empreendedores que desejem ampliar ou abrir um neg\u00f3cio em 28 cidades do Sert\u00e3o. O processo estar\u00e1 aberto a partir das 8h, de forma exclusivamente on-line.\u00a0 Ao todo, ser\u00e3o destinadas 840 vagas, distribu\u00eddas em sete regi\u00f5es do Sert\u00e3o do estado. O valor de investimentos \u00e9 da ordem de R$ 6.720 milh\u00f5es.<\/p>\n<p>Cada munic\u00edpio abrir\u00e1 30 vagas, que v\u00e3o contemplar as seguintes linhas de cr\u00e9dito: Empreender Pessoa F\u00edsica, Empreender Juventudes, Empreender Profissional Liberal e Empreender Profissional Liberal Juventudes.<\/p>\n<p>Os empreendedores interessados em obter recursos para ampliar ou abrir seus neg\u00f3cios devem realizar seus cadastros exclusivamente no site do programa Empreender PB\u00a0<a href=\"http:\/\/www.empreender.pb.gov.br\/\">www.empreender.pb.gov.br<\/a>\u00a0, clicando em Inscri\u00e7\u00f5es. A equipe orienta aos interessados fazer a leitura do Edital, dispon\u00edvel no site, para verificar a documenta\u00e7\u00e3o obrigat\u00f3ria de acordo com a linha de cr\u00e9dito.<\/p>\n<p>Confira as regi\u00f5es e munic\u00edpios que ir\u00e3o abrir inscri\u00e7\u00f5es neste 2\u00ba ciclo:<\/p>\n<p><b>6\u00aa Regi\u00e3o:<\/b><\/p>\n<p>V\u00e1rzea, S\u00e3o Mamede, Junco do Serid\u00f3, S\u00e3o Jos\u00e9 de Espinharas, Desterro, S\u00e3o Jos\u00e9 do Bonfim, Areia de Bara\u00fanas<\/p>\n<p><b>7\u00aa Regi\u00e3o:<\/b><\/p>\n<p>Serra Grande, Olho D\u2019\u00e1gua, Santana dos Garrotes, S\u00e3o Jos\u00e9 de Caiana, Nova Olinda<\/p>\n<p><b>8\u00aa Regi\u00e3o:<\/b><\/p>\n<p>Catol\u00e9 do Rocha, Jeric\u00f3, S\u00e3o Bento, Bel\u00e9m do Brejo do Cruz<\/p>\n<p><b>9\u00aa Regi\u00e3o:<\/b><\/p>\n<p>Po\u00e7o Dantas, Uira\u00fana, Triunfo, Bernardino Batista, Bonito de Santa F\u00e9<\/p>\n<p><b>10\u00aa Regi\u00e3o:<\/b><\/p>\n<p>S\u00e3o Jos\u00e9 de Lagoa Tapada, Santa Cruz<\/p>\n<p><b>11\u00aa Regi\u00e3o:<\/b><\/p>\n<p>S\u00e3o Jos\u00e9 de Princesa, \u00c1gua Branca<\/p>\n<p><b>13\u00aa Regi\u00e3o:<\/b><\/p>\n<p>Condado, S\u00e3o Domingos, S\u00e3o Bentinho<\/p>\n<p>O objetivo do Programa Empreender PB \u00e9 incentivar o empreendedorismo, gerar empregos e renda para os paraibanos, al\u00e9m de desenvolver o potencial econ\u00f4mico de cada regi\u00e3o do Estado.\u00a0No ano de 2024, o programa assinou um total de 4.131 contratos de concess\u00e3o de cr\u00e9dito, o que representou um investimento de R$ 35.847.355,44 destinado a empreendedores das 14 regi\u00f5es do Estado, contemplando 89,24% dos munic\u00edpios paraibanos.<\/p>\n<p>&nbsp;<\/p>\n","protected":false},"excerpt":{"rendered":"<p>O\u00a0Governo da Para\u00edba, por meio do Programa Empreender PB, inicia nesta quarta-feira (29) mais um ciclo de concess\u00e3o de cr\u00e9dito orientado para atender empreendedores que desejem ampliar ou abrir um neg\u00f3cio em 28 cidades do Sert\u00e3o. O processo estar\u00e1 aberto a partir das 8h, de forma exclusivamente on-line.\u00a0 Ao todo, ser\u00e3o destinadas 840 vagas, distribu\u00eddas &hellip;<\/p>\n","protected":false},"author":1,"featured_media":123455,"comment_status":"open","ping_status":"open","sticky":false,"template":"","format":"standard","meta":{"footnotes":""},"categories":[7],"tags":[],"class_list":["post-134358","post","type-post","status-publish","format-standard","has-post-thumbnail","hentry","category-diversas"],"_links":{"self":[{"href":"https:\/\/iparaiba.com.br\/index.php\/wp-json\/wp\/v2\/posts\/134358","targetHints":{"allow":["GET"]}}],"collection":[{"href":"https:\/\/iparaiba.com.br\/index.php\/wp-json\/wp\/v2\/posts"}],"about":[{"href":"https:\/\/iparaiba.com.br\/index.php\/wp-json\/wp\/v2\/types\/post"}],"author":[{"embeddable":true,"href":"https:\/\/iparaiba.com.br\/index.php\/wp-json\/wp\/v2\/users\/1"}],"replies":[{"embeddable":true,"href":"https:\/\/iparaiba.com.br\/index.php\/wp-json\/wp\/v2\/comments?post=134358"}],"version-history":[{"count":1,"href":"https:\/\/iparaiba.com.br\/index.php\/wp-json\/wp\/v2\/posts\/134358\/revisions"}],"predecessor-version":[{"id":134389,"href":"https:\/\/iparaiba.com.br\/index.php\/wp-json\/wp\/v2\/posts\/134358\/revisions\/134389"}],"wp:featuredmedia":[{"embeddable":true,"href":"https:\/\/iparaiba.com.br\/index.php\/wp-json\/wp\/v2\/media\/123455"}],"wp:attachment":[{"href":"https:\/\/iparaiba.com.br\/index.php\/wp-json\/wp\/v2\/media?parent=134358"}],"wp:term":[{"taxonomy":"category","embeddable":true,"href":"https:\/\/iparaiba.com.br\/index.php\/wp-json\/wp\/v2\/categories?post=134358"},{"taxonomy":"post_tag","embeddable":true,"href":"https:\/\/iparaiba.com.br\/index.php\/wp-json\/wp\/v2\/tags?post=134358"}],"curies":[{"name":"wp","href":"https:\/\/api.w.org\/{rel}","templated":true}]}}