{"id":134356,"date":"2025-02-04T06:00:45","date_gmt":"2025-02-04T09:00:45","guid":{"rendered":"https:\/\/onordeste.com.br\/?p=134348"},"modified":"2025-02-04T06:00:45","modified_gmt":"2025-02-04T09:00:45","slug":"pf-em-operacao-conjunta-inutiliza-minas-subterraneas-e-resgata-trabalhadores","status":"publish","type":"post","link":"https:\/\/iparaiba.com.br\/index.php\/2025\/02\/04\/pf-em-operacao-conjunta-inutiliza-minas-subterraneas-e-resgata-trabalhadores\/","title":{"rendered":"PF, em opera\u00e7\u00e3o conjunta, inutiliza minas subterr\u00e2neas e resgata trabalhadores"},"content":{"rendered":"<p><strong>Manaus\/AM.<\/strong>\u00a0Realizada entre os dias 31\/01 e 03\/02, a Opera\u00e7\u00e3o Minera\u00e7\u00e3o Obscura 2 teve como objetivo inutilizar minas subterr\u00e2neas de garimpo ilegal e resgatar trabalhadores submetidos a condi\u00e7\u00f5es an\u00e1logas \u00e0 escravid\u00e3o em Mau\u00e9s\/AM. A opera\u00e7\u00e3o contou com a participa\u00e7\u00e3o da Pol\u00edcia Federal, Pol\u00edcia Rodovi\u00e1ria Federal, Instituto Chico Mendes de Conserva\u00e7\u00e3o da Biodiversidade, Minist\u00e9rio do Trabalho e Emprego, Minist\u00e9rio P\u00fablico do Trabalho e Funda\u00e7\u00e3o Nacional dos Povos Ind\u00edgenas.<\/p>\n<p>A investiga\u00e7\u00e3o teve in\u00edcio a partir de den\u00fancias de explora\u00e7\u00e3o de m\u00e3o-de-obra degradante e uso de cianeto na extra\u00e7\u00e3o ilegal de ouro, sendo esta opera\u00e7\u00e3o um desdobramento da Opera\u00e7\u00e3o D\u00e9j\u00e0 Vu, que j\u00e1 identificara pr\u00e1ticas semelhantes na regi\u00e3o. Durante a a\u00e7\u00e3o, as equipes de campo constataram que os trabalhadores enfrentavam jornadas exaustivas sem acesso a direitos b\u00e1sicos e estavam expostos aos riscos decorrentes do uso de subst\u00e2ncias qu\u00edmicas t\u00f3xicas. Al\u00e9m disso, verificou-se que a extra\u00e7\u00e3o do min\u00e9rio ocorria por meio de minas subterr\u00e2neas \u2013 um m\u00e9todo incomum e de alto risco \u2013, e os danos ambientais j\u00e1 avaliados superam R$ 1 bilh\u00e3o, considerando desmatamento, contamina\u00e7\u00e3o de len\u00e7\u00f3is fre\u00e1ticos e degrada\u00e7\u00e3o de \u00e1reas de preserva\u00e7\u00e3o.<\/p>\n<p>O garimpo alvo desta opera\u00e7\u00e3o \u00e9 um dos mais antigos do Brasil, sendo esta a primeira vez que a Pol\u00edcia Federal realiza a desintrus\u00e3o de um garimpo subterr\u00e2neo.<\/p>\n<p><em>Coordena\u00e7\u00e3o-Geral de Comunica\u00e7\u00e3o Social da Pol\u00edcia Federal<\/em><\/p>\n","protected":false},"excerpt":{"rendered":"<p>Manaus\/AM.\u00a0Realizada entre os dias 31\/01 e 03\/02, a Opera\u00e7\u00e3o Minera\u00e7\u00e3o Obscura 2 teve como objetivo inutilizar minas subterr\u00e2neas de garimpo ilegal e resgatar trabalhadores submetidos a condi\u00e7\u00f5es an\u00e1logas \u00e0 escravid\u00e3o em Mau\u00e9s\/AM. A opera\u00e7\u00e3o contou com a participa\u00e7\u00e3o da Pol\u00edcia Federal, Pol\u00edcia Rodovi\u00e1ria Federal, Instituto Chico Mendes de Conserva\u00e7\u00e3o da Biodiversidade, Minist\u00e9rio do Trabalho e &hellip;<\/p>\n","protected":false},"author":1,"featured_media":108842,"comment_status":"open","ping_status":"open","sticky":false,"template":"","format":"standard","meta":{"footnotes":""},"categories":[13],"tags":[],"class_list":["post-134356","post","type-post","status-publish","format-standard","has-post-thumbnail","hentry","category-policial"],"_links":{"self":[{"href":"https:\/\/iparaiba.com.br\/index.php\/wp-json\/wp\/v2\/posts\/134356","targetHints":{"allow":["GET"]}}],"collection":[{"href":"https:\/\/iparaiba.com.br\/index.php\/wp-json\/wp\/v2\/posts"}],"about":[{"href":"https:\/\/iparaiba.com.br\/index.php\/wp-json\/wp\/v2\/types\/post"}],"author":[{"embeddable":true,"href":"https:\/\/iparaiba.com.br\/index.php\/wp-json\/wp\/v2\/users\/1"}],"replies":[{"embeddable":true,"href":"https:\/\/iparaiba.com.br\/index.php\/wp-json\/wp\/v2\/comments?post=134356"}],"version-history":[{"count":1,"href":"https:\/\/iparaiba.com.br\/index.php\/wp-json\/wp\/v2\/posts\/134356\/revisions"}],"predecessor-version":[{"id":134387,"href":"https:\/\/iparaiba.com.br\/index.php\/wp-json\/wp\/v2\/posts\/134356\/revisions\/134387"}],"wp:featuredmedia":[{"embeddable":true,"href":"https:\/\/iparaiba.com.br\/index.php\/wp-json\/wp\/v2\/media\/108842"}],"wp:attachment":[{"href":"https:\/\/iparaiba.com.br\/index.php\/wp-json\/wp\/v2\/media?parent=134356"}],"wp:term":[{"taxonomy":"category","embeddable":true,"href":"https:\/\/iparaiba.com.br\/index.php\/wp-json\/wp\/v2\/categories?post=134356"},{"taxonomy":"post_tag","embeddable":true,"href":"https:\/\/iparaiba.com.br\/index.php\/wp-json\/wp\/v2\/tags?post=134356"}],"curies":[{"name":"wp","href":"https:\/\/api.w.org\/{rel}","templated":true}]}}