{"id":134351,"date":"2025-02-03T10:00:21","date_gmt":"2025-02-03T13:00:21","guid":{"rendered":"https:\/\/onordeste.com.br\/?p=134337"},"modified":"2025-02-03T10:00:21","modified_gmt":"2025-02-03T13:00:21","slug":"sisu-2025-terminam-matriculas","status":"publish","type":"post","link":"https:\/\/iparaiba.com.br\/index.php\/2025\/02\/03\/sisu-2025-terminam-matriculas\/","title":{"rendered":"Sisu 2025: terminam matr\u00edculas"},"content":{"rendered":"<p>Os aprovados no Sistema de Sele\u00e7\u00e3o Unificada (Sisu) 2025 podem realizar a matr\u00edcula na institui\u00e7\u00e3o p\u00fablica de ensino superior para a qual foram selecionados at\u00e9 esta segunda-feira (3).<\/p>\n<p>A maioria das institui\u00e7\u00f5es participantes do Sisu s\u00e3o da rede federal de ensino superior, com destaque para universidades e institutos federais.<\/p>\n<p>Ao todo, esta edi\u00e7\u00e3o do Sisu de 2025 teve\u202f254.899\u202fcandidatos\u202faprovados, sendo\u202f128.691\u202fna ampla concorr\u00eancia,\u202f111.655\u202fna modalidade de cotas\u202fe\u202f14.553\u202fpor meio\u202fde\u202fa\u00e7\u00f5es afirmativas das pr\u00f3prias\u202finstitui\u00e7\u00f5es de ensino superior.<\/p>\n<p>Os resultados do processo seletivo foram divulgados h\u00e1 uma semana, em 27 de janeiro, com um dia de atraso, no Portal \u00danico de Acesso ao Ensino Superior. Em seguida, o Minist\u00e9rio da Educa\u00e7\u00e3o (MEC) ampliou o per\u00edodo de matr\u00edculas ou registro acad\u00eamico nas institui\u00e7\u00f5es p\u00fablicas de ensino superior participantes do Sisu. O prazo anterior terminaria na sexta-feira (31).<\/p>\n<p><strong>Matr\u00edcula<\/strong><br \/>\nO MEC avisa que \u00e9 responsabilidade do estudante observar as condi\u00e7\u00f5es, os procedimentos e os documentos para matr\u00edcula, conforme o edital de cada institui\u00e7\u00e3o p\u00fablica de ensino superior escolhida pelo estudante no momento de inscri\u00e7\u00e3o no processo seletivo.<\/p>\n<p>O candidato deve tamb\u00e9m ficar atento aos dias, hor\u00e1rios e locais de atendimento definidos pela universidade. A unidade pode, por exemplo, definir se as matr\u00edculas ser\u00e3o de forma remota ou presencial. Por isso, \u00e9 preciso consultar o edital pr\u00f3prio de cada universidade.<\/p>\n<p>Ap\u00f3s o per\u00edodo de matr\u00edculas dos estudantes, as institui\u00e7\u00f5es ter\u00e3o at\u00e9 6 de fevereiro para lan\u00e7ar no sistema as vagas ocupadas no Sisu.<\/p>\n<p>Entre 12 de fevereiro e 30 de setembro deste ano, as universidades poder\u00e3o publicar listas de classificados na lista de espera do Sisu 2025. Os candidatos que n\u00e3o foram classificados em nenhuma de suas duas op\u00e7\u00f5es de cursos na chamada regular puderam manifestaram interesse em participar da lista de espera do Sisu at\u00e9 esta sexta-feira (31). [ https:\/\/agenciabrasil.ebc.com.br\/educacao\/noticia\/2025-01\/sisu-candidatos-podem-se-inscrever-na-lista-de-espera-ate-esta-sexta ]\n","protected":false},"excerpt":{"rendered":"<p>Os aprovados no Sistema de Sele\u00e7\u00e3o Unificada (Sisu) 2025 podem realizar a matr\u00edcula na institui\u00e7\u00e3o p\u00fablica de ensino superior para a qual foram selecionados at\u00e9 esta segunda-feira (3). A maioria das institui\u00e7\u00f5es participantes do Sisu s\u00e3o da rede federal de ensino superior, com destaque para universidades e institutos federais. Ao todo, esta edi\u00e7\u00e3o do Sisu &hellip;<\/p>\n","protected":false},"author":1,"featured_media":101193,"comment_status":"open","ping_status":"open","sticky":false,"template":"","format":"standard","meta":{"footnotes":""},"categories":[11],"tags":[],"class_list":["post-134351","post","type-post","status-publish","format-standard","has-post-thumbnail","hentry","category-educacao"],"_links":{"self":[{"href":"https:\/\/iparaiba.com.br\/index.php\/wp-json\/wp\/v2\/posts\/134351","targetHints":{"allow":["GET"]}}],"collection":[{"href":"https:\/\/iparaiba.com.br\/index.php\/wp-json\/wp\/v2\/posts"}],"about":[{"href":"https:\/\/iparaiba.com.br\/index.php\/wp-json\/wp\/v2\/types\/post"}],"author":[{"embeddable":true,"href":"https:\/\/iparaiba.com.br\/index.php\/wp-json\/wp\/v2\/users\/1"}],"replies":[{"embeddable":true,"href":"https:\/\/iparaiba.com.br\/index.php\/wp-json\/wp\/v2\/comments?post=134351"}],"version-history":[{"count":1,"href":"https:\/\/iparaiba.com.br\/index.php\/wp-json\/wp\/v2\/posts\/134351\/revisions"}],"predecessor-version":[{"id":134381,"href":"https:\/\/iparaiba.com.br\/index.php\/wp-json\/wp\/v2\/posts\/134351\/revisions\/134381"}],"wp:featuredmedia":[{"embeddable":true,"href":"https:\/\/iparaiba.com.br\/index.php\/wp-json\/wp\/v2\/media\/101193"}],"wp:attachment":[{"href":"https:\/\/iparaiba.com.br\/index.php\/wp-json\/wp\/v2\/media?parent=134351"}],"wp:term":[{"taxonomy":"category","embeddable":true,"href":"https:\/\/iparaiba.com.br\/index.php\/wp-json\/wp\/v2\/categories?post=134351"},{"taxonomy":"post_tag","embeddable":true,"href":"https:\/\/iparaiba.com.br\/index.php\/wp-json\/wp\/v2\/tags?post=134351"}],"curies":[{"name":"wp","href":"https:\/\/api.w.org\/{rel}","templated":true}]}}