{"id":134329,"date":"2025-01-27T14:15:56","date_gmt":"2025-01-27T17:15:56","guid":{"rendered":"https:\/\/onordeste.com.br\/?p=134284"},"modified":"2025-01-27T14:15:56","modified_gmt":"2025-01-27T17:15:56","slug":"camara-convoca-vereadores-para-sessao-extraordinaria","status":"publish","type":"post","link":"https:\/\/iparaiba.com.br\/index.php\/2025\/01\/27\/camara-convoca-vereadores-para-sessao-extraordinaria\/","title":{"rendered":"C\u00e2mara convoca vereadores para sess\u00e3o extraordin\u00e1ria"},"content":{"rendered":"<p>O presidente da C\u00e2mara Municipal de Campina Grande, Saulo Germano, convocou os vereadores e vereadoras para Sess\u00e3o Extraordin\u00e1ria que ocorrer\u00e1 na pr\u00f3xima ter\u00e7a-feira (28\/01), \u00e0s 10h no plen\u00e1rio da C\u00e2mara R\u00f4mulo Gouveia (Rua Santa Clara s\/n, S\u00e3o Jos\u00e9).<\/p>\n<p>A convoca\u00e7\u00e3o dessa sess\u00e3o extraordin\u00e1ria tem como objetivo apreciar e votar a seguinte mat\u00e9ria: Projeto de Lei Complementar n\u2070 001\/2025<\/p>\n<p>&#8220;Esta convoca\u00e7\u00e3o tem como objetivo garantir a aprecia\u00e7\u00e3o tempestiva e eficiente das mat\u00e9rias legislativas de alta relev\u00e2ncia, contribuindo para o cumprimento dos deveres institucionais desta Casa&#8221;, pontuou.<\/p>\n<p>A convoca\u00e7\u00e3o de Sess\u00e3o Extraordin\u00e1ria atende aos artigos 141, 142, 143 e 144 do Regimento Interno, podendo acontecer uma ou quantas sess\u00f5es forem necess\u00e1rias para a vota\u00e7\u00e3o da mat\u00e9ria.<\/p>\n","protected":false},"excerpt":{"rendered":"<p>O presidente da C\u00e2mara Municipal de Campina Grande, Saulo Germano, convocou os vereadores e vereadoras para Sess\u00e3o Extraordin\u00e1ria que ocorrer\u00e1 na pr\u00f3xima ter\u00e7a-feira (28\/01), \u00e0s 10h no plen\u00e1rio da C\u00e2mara R\u00f4mulo Gouveia (Rua Santa Clara s\/n, S\u00e3o Jos\u00e9). A convoca\u00e7\u00e3o dessa sess\u00e3o extraordin\u00e1ria tem como objetivo apreciar e votar a seguinte mat\u00e9ria: Projeto de Lei &hellip;<\/p>\n","protected":false},"author":1,"featured_media":115500,"comment_status":"open","ping_status":"open","sticky":false,"template":"","format":"standard","meta":{"footnotes":""},"categories":[8],"tags":[],"class_list":["post-134329","post","type-post","status-publish","format-standard","has-post-thumbnail","hentry","category-politica"],"_links":{"self":[{"href":"https:\/\/iparaiba.com.br\/index.php\/wp-json\/wp\/v2\/posts\/134329","targetHints":{"allow":["GET"]}}],"collection":[{"href":"https:\/\/iparaiba.com.br\/index.php\/wp-json\/wp\/v2\/posts"}],"about":[{"href":"https:\/\/iparaiba.com.br\/index.php\/wp-json\/wp\/v2\/types\/post"}],"author":[{"embeddable":true,"href":"https:\/\/iparaiba.com.br\/index.php\/wp-json\/wp\/v2\/users\/1"}],"replies":[{"embeddable":true,"href":"https:\/\/iparaiba.com.br\/index.php\/wp-json\/wp\/v2\/comments?post=134329"}],"version-history":[{"count":0,"href":"https:\/\/iparaiba.com.br\/index.php\/wp-json\/wp\/v2\/posts\/134329\/revisions"}],"wp:featuredmedia":[{"embeddable":true,"href":"https:\/\/iparaiba.com.br\/index.php\/wp-json\/wp\/v2\/media\/115500"}],"wp:attachment":[{"href":"https:\/\/iparaiba.com.br\/index.php\/wp-json\/wp\/v2\/media?parent=134329"}],"wp:term":[{"taxonomy":"category","embeddable":true,"href":"https:\/\/iparaiba.com.br\/index.php\/wp-json\/wp\/v2\/categories?post=134329"},{"taxonomy":"post_tag","embeddable":true,"href":"https:\/\/iparaiba.com.br\/index.php\/wp-json\/wp\/v2\/tags?post=134329"}],"curies":[{"name":"wp","href":"https:\/\/api.w.org\/{rel}","templated":true}]}}