{"id":134327,"date":"2025-01-27T14:13:36","date_gmt":"2025-01-27T17:13:36","guid":{"rendered":"https:\/\/onordeste.com.br\/?p=134280"},"modified":"2025-01-27T14:13:36","modified_gmt":"2025-01-27T17:13:36","slug":"projeto-de-olimpio-recria-frente-de-politicas-de-atencao-as-pessoas-com-doencas-raras-e-autismo","status":"publish","type":"post","link":"https:\/\/iparaiba.com.br\/index.php\/2025\/01\/27\/projeto-de-olimpio-recria-frente-de-politicas-de-atencao-as-pessoas-com-doencas-raras-e-autismo\/","title":{"rendered":"Projeto de Olimpio recria Frente de Pol\u00edticas de Aten\u00e7\u00e3o \u00e0s Pessoas com Doen\u00e7as Raras e Autismo"},"content":{"rendered":"<p style=\"font-weight: 400;\">O vereador Olimpio Oliveira protocolou um projeto de resolu\u00e7\u00e3o para assegurar o funcionamento durante a nova legislatura da C\u00e2mara Municipal de Campina Grande da Frente Parlamentar de Defesa de Pol\u00edticas de Aten\u00e7\u00e3o \u00e0s Pessoas com Doen\u00e7as Raras e \u00e0s Pessoas com Transtorno do Espectro Autista.<\/p>\n<p style=\"font-weight: 400;\">O grupo j\u00e1 funciona desde a legislatura passada, onde teve uma importante atua\u00e7\u00e3o em v\u00e1rias a\u00e7\u00f5es, sobretudo na luta pela derrubada do rol taxativo da Ag\u00eancia Nacional de Sa\u00fade Suplementar (ANS). Com a mudan\u00e7a na configura\u00e7\u00e3o da C\u00e2mara, \u00e9 necess\u00e1ria a aprova\u00e7\u00e3o de uma resolu\u00e7\u00e3o restabelecendo formalmente a frente.<\/p>\n<p style=\"font-weight: 400;\">\u201cDiante das constantes amea\u00e7as aos direitos fundamentais e sociais das pessoas com doen\u00e7as raras e autismo, urge que os vereadores campinenses adotem a\u00e7\u00f5es mais efetivas na defesa desses cidad\u00e3os vulnerabilizados\u201d, justificou Olimpio na sua propositura, ao destacar ainda que \u00e9 preciso ir al\u00e9m dos discursos eloquentes. \u201cS\u00e3o vidas que est\u00e3o em jogo, ou seja, precisamos colocar o prest\u00edgio pol\u00edtico da C\u00e2mara Municipal de Campina Grande a servi\u00e7o de t\u00e3o relevante causa\u201d, afirmou.<\/p>\n<p style=\"font-weight: 400;\">O vereador explicou, ainda, que inicia o novo mandato mais uma vez plenamente comprometido com pautas essenciais, como a causa das pessoas com doen\u00e7as raras e com transtorno do espectro autista. \u201cAfinal, a luta por direitos \u00e9 constante, progressiva, profundamente justa e necess\u00e1ria, e, por isso e para isso estou na miss\u00e3o de ser vereador\u201d, destacou Olimpio.<\/p>\n","protected":false},"excerpt":{"rendered":"<p>O vereador Olimpio Oliveira protocolou um projeto de resolu\u00e7\u00e3o para assegurar o funcionamento durante a nova legislatura da C\u00e2mara Municipal de Campina Grande da Frente Parlamentar de Defesa de Pol\u00edticas de Aten\u00e7\u00e3o \u00e0s Pessoas com Doen\u00e7as Raras e \u00e0s Pessoas com Transtorno do Espectro Autista. O grupo j\u00e1 funciona desde a legislatura passada, onde teve &hellip;<\/p>\n","protected":false},"author":1,"featured_media":105808,"comment_status":"open","ping_status":"open","sticky":false,"template":"","format":"standard","meta":{"footnotes":""},"categories":[8],"tags":[],"class_list":["post-134327","post","type-post","status-publish","format-standard","has-post-thumbnail","hentry","category-politica"],"_links":{"self":[{"href":"https:\/\/iparaiba.com.br\/index.php\/wp-json\/wp\/v2\/posts\/134327","targetHints":{"allow":["GET"]}}],"collection":[{"href":"https:\/\/iparaiba.com.br\/index.php\/wp-json\/wp\/v2\/posts"}],"about":[{"href":"https:\/\/iparaiba.com.br\/index.php\/wp-json\/wp\/v2\/types\/post"}],"author":[{"embeddable":true,"href":"https:\/\/iparaiba.com.br\/index.php\/wp-json\/wp\/v2\/users\/1"}],"replies":[{"embeddable":true,"href":"https:\/\/iparaiba.com.br\/index.php\/wp-json\/wp\/v2\/comments?post=134327"}],"version-history":[{"count":0,"href":"https:\/\/iparaiba.com.br\/index.php\/wp-json\/wp\/v2\/posts\/134327\/revisions"}],"wp:featuredmedia":[{"embeddable":true,"href":"https:\/\/iparaiba.com.br\/index.php\/wp-json\/wp\/v2\/media\/105808"}],"wp:attachment":[{"href":"https:\/\/iparaiba.com.br\/index.php\/wp-json\/wp\/v2\/media?parent=134327"}],"wp:term":[{"taxonomy":"category","embeddable":true,"href":"https:\/\/iparaiba.com.br\/index.php\/wp-json\/wp\/v2\/categories?post=134327"},{"taxonomy":"post_tag","embeddable":true,"href":"https:\/\/iparaiba.com.br\/index.php\/wp-json\/wp\/v2\/tags?post=134327"}],"curies":[{"name":"wp","href":"https:\/\/api.w.org\/{rel}","templated":true}]}}