{"id":134321,"date":"2025-01-29T14:00:08","date_gmt":"2025-01-29T17:00:08","guid":{"rendered":"https:\/\/onordeste.com.br\/?p=134321"},"modified":"2025-01-29T14:00:08","modified_gmt":"2025-01-29T17:00:08","slug":"operacao-contra-associacao-criminosa-especializada-em-crimes-ciberneticos","status":"publish","type":"post","link":"https:\/\/iparaiba.com.br\/index.php\/2025\/01\/29\/operacao-contra-associacao-criminosa-especializada-em-crimes-ciberneticos\/","title":{"rendered":"Opera\u00e7\u00e3o contra associa\u00e7\u00e3o criminosa especializada em crimes cibern\u00e9ticos"},"content":{"rendered":"<p><b>Bras\u00edlia\/DF.<\/b>\u00a0A Pol\u00edcia Federal deflagrou, nesta quarta-feira (22\/1), a Opera\u00e7\u00e3o CHAES, com o objetivo de desarticular uma associa\u00e7\u00e3o criminosa especializada no desenvolvimento e uso de malwares banc\u00e1rios para a pr\u00e1tica de fraudes financeiras em larga escala, al\u00e9m de lavagem de capitais.<\/p>\n<p>Foram cumpridos dois mandados de busca e apreens\u00e3o, nas cidades de Campinas\/SP e de Caldas Novas\/GO, incluindo localidade vinculada ao suspeito desenvolvedor do malware. Al\u00e9m disso, foi decretado o sequestro e bloqueio de bens e valores dos investigados para garantir o ressarcimento dos preju\u00edzos causados pela associa\u00e7\u00e3o criminosa.<\/p>\n<p>A investiga\u00e7\u00e3o, conduzida pela Divis\u00e3o de Investiga\u00e7\u00e3o e Opera\u00e7\u00f5es Especiais (DIOE) com o apoio da Coordena\u00e7\u00e3o de Repress\u00e3o a Crimes de Alta Tecnologia (CCAT) da PF, apurou que o grupo utilizava o malware CHAES, consistente em um programa de m\u00faltiplos est\u00e1gios altamente sofisticados, projetado para \u201croubar\u201d informa\u00e7\u00f5es sens\u00edveis de clientes de institui\u00e7\u00f5es financeiras, como credenciais banc\u00e1rias e dados de pagamento.<\/p>\n<p>A Pol\u00edcia Federal refor\u00e7a seu compromisso em combater os crimes cibern\u00e9ticos e contribuir com a prote\u00e7\u00e3o do sistema financeiro nacional e a seguran\u00e7a cibern\u00e9tica no Brasil. Novas dilig\u00eancias est\u00e3o sendo realizadas e a investiga\u00e7\u00e3o continua para identificar outros poss\u00edveis integrantes do esquema.<\/p>\n<p align=\"right\"><i>Coordena\u00e7\u00e3o-Geral de Comunica\u00e7\u00e3o Social<\/i><\/p>\n","protected":false},"excerpt":{"rendered":"<p>Bras\u00edlia\/DF.\u00a0A Pol\u00edcia Federal deflagrou, nesta quarta-feira (22\/1), a Opera\u00e7\u00e3o CHAES, com o objetivo de desarticular uma associa\u00e7\u00e3o criminosa especializada no desenvolvimento e uso de malwares banc\u00e1rios para a pr\u00e1tica de fraudes financeiras em larga escala, al\u00e9m de lavagem de capitais. Foram cumpridos dois mandados de busca e apreens\u00e3o, nas cidades de Campinas\/SP e de Caldas &hellip;<\/p>\n","protected":false},"author":1,"featured_media":97767,"comment_status":"open","ping_status":"open","sticky":false,"template":"","format":"standard","meta":{"footnotes":""},"categories":[13],"tags":[],"class_list":["post-134321","post","type-post","status-publish","format-standard","has-post-thumbnail","hentry","category-policial"],"_links":{"self":[{"href":"https:\/\/iparaiba.com.br\/index.php\/wp-json\/wp\/v2\/posts\/134321","targetHints":{"allow":["GET"]}}],"collection":[{"href":"https:\/\/iparaiba.com.br\/index.php\/wp-json\/wp\/v2\/posts"}],"about":[{"href":"https:\/\/iparaiba.com.br\/index.php\/wp-json\/wp\/v2\/types\/post"}],"author":[{"embeddable":true,"href":"https:\/\/iparaiba.com.br\/index.php\/wp-json\/wp\/v2\/users\/1"}],"replies":[{"embeddable":true,"href":"https:\/\/iparaiba.com.br\/index.php\/wp-json\/wp\/v2\/comments?post=134321"}],"version-history":[{"count":1,"href":"https:\/\/iparaiba.com.br\/index.php\/wp-json\/wp\/v2\/posts\/134321\/revisions"}],"predecessor-version":[{"id":134347,"href":"https:\/\/iparaiba.com.br\/index.php\/wp-json\/wp\/v2\/posts\/134321\/revisions\/134347"}],"wp:featuredmedia":[{"embeddable":true,"href":"https:\/\/iparaiba.com.br\/index.php\/wp-json\/wp\/v2\/media\/97767"}],"wp:attachment":[{"href":"https:\/\/iparaiba.com.br\/index.php\/wp-json\/wp\/v2\/media?parent=134321"}],"wp:term":[{"taxonomy":"category","embeddable":true,"href":"https:\/\/iparaiba.com.br\/index.php\/wp-json\/wp\/v2\/categories?post=134321"},{"taxonomy":"post_tag","embeddable":true,"href":"https:\/\/iparaiba.com.br\/index.php\/wp-json\/wp\/v2\/tags?post=134321"}],"curies":[{"name":"wp","href":"https:\/\/api.w.org\/{rel}","templated":true}]}}