{"id":134307,"date":"2025-01-28T14:00:53","date_gmt":"2025-01-28T17:00:53","guid":{"rendered":"https:\/\/onordeste.com.br\/?p=134307"},"modified":"2025-01-28T14:00:53","modified_gmt":"2025-01-28T17:00:53","slug":"inscricoes-para-o-prouni-2025","status":"publish","type":"post","link":"https:\/\/iparaiba.com.br\/index.php\/2025\/01\/28\/inscricoes-para-o-prouni-2025\/","title":{"rendered":"Inscri\u00e7\u00f5es para o Prouni 2025"},"content":{"rendered":"<div class=\"texto-conteudo\">\n<div>\n<p>O prazo para inscri\u00e7\u00e3o no Programa Universidade Para Todos (Prouni) 2025 termina nesta ter\u00e7a-feira, 28 de janeiro. O Prouni oferece bolsas integrais (100%) ou parciais (50%) sobre o valor da mensalidade de cursos em institui\u00e7\u00f5es privadas de educa\u00e7\u00e3o superior.<\/p>\n<p>Nesta\u202fedi\u00e7\u00e3o, o programa oferece 338.444 bolsas em\u202f403\u202fcursos de 1.031 institui\u00e7\u00f5es privadas por todo o pa\u00eds.\u202fDessas bolsas, 203.539 s\u00e3o integrais\u202fe 134.905,\u202fparciais.\u202fOs cursos com mais ofertas de bolsas s\u00e3o\u202fAdministra\u00e7\u00e3o (27.101);\u202fPedagogia (22.947);\u202fDireito\u202f(22.746); Ci\u00eancias\u202fCont\u00e1beis\u202f(14.800); e\u202fEduca\u00e7\u00e3o\u202fF\u00edsica\u202f(13.639).<\/p>\n<p>A inscri\u00e7\u00e3o \u00e9 gratuita e deve ser feita exclusivamente pela p\u00e1gina do Prouni, no\u00a0<a class=\"external-link\" title=\"\" href=\"http:\/\/acessounico.mec.gov.br\/prouni\" target=\"_blank\" rel=\"noopener\" data-tippreview-enabled=\"false\" data-tippreview-image=\"\" data-tippreview-title=\"\">Portal \u00danico de Acesso ao Ensino Superior\u00a0<\/a>. Confira o passo a passo:<\/p>\n<ol>\n<li>acessar o site<a class=\"external-link\" title=\"\" href=\"http:\/\/prounialuno.mec.gov.br\/\" target=\"_blank\" rel=\"noopener\" data-tippreview-enabled=\"false\" data-tippreview-image=\"\" data-tippreview-title=\"\">prounialuno.mec.gov.br<\/a>e fazer login com o perfil<a class=\"external-link\" title=\"\" href=\"http:\/\/gov.br\/\" target=\"_blank\" rel=\"noopener\" data-tippreview-enabled=\"false\" data-tippreview-image=\"\" data-tippreview-title=\"\">Gov.br<\/a>.<\/li>\n<li>preencher os dados do candidato, o perfil socioecon\u00f4mico e o grupo familiar.<\/li>\n<li>selecionar a primeira e a segunda op\u00e7\u00e3o de cursos pretendidos. Para isso, \u00e9 poss\u00edvel filtrar as vagas por curso, institui\u00e7\u00e3o e munic\u00edpio.<\/li>\n<li>clicar em \u201cFicha de Inscri\u00e7\u00e3o\u201d e conferir todas as informa\u00e7\u00f5es.<\/li>\n<\/ol>\n<p><strong>DOCUMENTOS\u00a0<\/strong>\u2014 O Prouni contar\u00e1 com duas chamadas e, em cada uma delas, os candidatos pr\u00e9-selecionados ter\u00e3o um prazo para comparecer \u00e0 institui\u00e7\u00e3o de ensino e apresentar os documentos que comprovem as informa\u00e7\u00f5es prestadas na ficha de inscri\u00e7\u00e3o. Para certificar-se da veracidade das informa\u00e7\u00f5es, a institui\u00e7\u00e3o pode pedir ao estudante outros documentos que julgar necess\u00e1rios.<\/p>\n<p>\u00c9 preciso apresentar documento de identifica\u00e7\u00e3o do candidato e dos membros do grupo familiar, bem como os comprovantes de resid\u00eancia; de ensino m\u00e9dio; de rendimentos; de professor da educa\u00e7\u00e3o b\u00e1sica, quando for o caso; de separa\u00e7\u00e3o, div\u00f3rcio ou \u00f3bito dos pais; de defici\u00eancia, quando for o caso.<\/p>\n<p>Os candidatos precisam atender a pelo menos uma das seguintes condi\u00e7\u00f5es:<\/p>\n<ul>\n<li>ter feito o ensino m\u00e9dio integralmente em escola da rede p\u00fablica;<\/li>\n<li>ter feito o ensino m\u00e9dio integralmente em institui\u00e7\u00e3o privada na condi\u00e7\u00e3o de bolsista integral da respectiva institui\u00e7\u00e3o;<\/li>\n<li>ter feito o ensino m\u00e9dio parcialmente em escola da rede p\u00fablica e parcialmente em institui\u00e7\u00e3o privada na condi\u00e7\u00e3o de bolsista integral da respectiva institui\u00e7\u00e3o;<\/li>\n<li>ter feito o ensino m\u00e9dio parcialmente em escola da rede p\u00fablica e parcialmente em institui\u00e7\u00e3o privada na condi\u00e7\u00e3o de bolsista parcial da respectiva institui\u00e7\u00e3o;<\/li>\n<li>ter feito o ensino m\u00e9dio integralmente em institui\u00e7\u00e3o privada na condi\u00e7\u00e3o de bolsista parcial da respectiva institui\u00e7\u00e3o ou sem a condi\u00e7\u00e3o de bolsista;<\/li>\n<li>ser uma pessoa com defici\u00eancia na forma prevista na legisla\u00e7\u00e3o;<\/li>\n<li>ser professor da rede p\u00fablica de ensino, exclusivamente para concorrer aos cursos de licenciatura e pedagogia, destinados \u00e0 forma\u00e7\u00e3o do magist\u00e9rio da educa\u00e7\u00e3o b\u00e1sica. Neste \u00faltimo caso, n\u00e3o \u00e9 aplicado o limite de renda exigido aos demais candidatos.<\/li>\n<\/ul>\n<p class=\"callout\"><strong>CRONOGRAMA\u00a0<\/strong>\u2013 O resultado da primeira chamada ser\u00e1 divulgado no dia 4 de fevereiro e a segunda chamada, no dia 28 de fevereiro, na p\u00e1gina do programa. Para se inscrever, \u00e9 necess\u00e1rio que o estudante tenha o ensino m\u00e9dio completo, tenha participado de edi\u00e7\u00f5es do Exame Nacional do Ensino M\u00e9dio (Enem) de 2024 e\/ou de 2023 e obtido, no m\u00ednimo, 450 pontos na m\u00e9dia das cinco provas do exame, al\u00e9m de n\u00e3o ter zerado a prova da reda\u00e7\u00e3o. N\u00e3o \u00e9 permitida a inscri\u00e7\u00e3o para quem declarou ter participado do Enem 2024 na condi\u00e7\u00e3o de treineiro (antes de concluir o ensino m\u00e9dio). O per\u00edodo para comprova\u00e7\u00e3o das informa\u00e7\u00f5es \u00e9 17 de mar\u00e7o.<\/p>\n<p><strong>LISTA DE ESPERA\u00a0<\/strong>\u2014 Para participar da lista de espera do Prouni, o candidato dever\u00e1 manifestar seu interesse por meio do Portal \u00danico de Acesso nos dias 26 e 27 de mar\u00e7o de 2025. A lista de espera estar\u00e1 dispon\u00edvel na p\u00e1gina do Prouni, tamb\u00e9m no Portal \u00danico de Acesso, para consulta pelas institui\u00e7\u00f5es de ensino superior e pelos candidatos no dia 1\u00ba de abril.<\/p>\n<\/div>\n<\/div>\n<p><a class=\"materia-original\" href=\"https:\/\/www.gov.br\/secom\/pt-br\/assuntos\/noticias\/2025\/janeiro\/inscricoes-para-o-prouni-2025-terminam-nesta-terca-feira-28\" target=\"_blank\" rel=\"noopener\">Link: https:\/\/www.gov.br\/secom\/pt-br\/assuntos\/noticias\/2025\/janeiro\/inscricoes-para-o-prouni-2025-terminam-nesta-terca-feira-28<\/a><\/p>\n","protected":false},"excerpt":{"rendered":"<p>O prazo para inscri\u00e7\u00e3o no Programa Universidade Para Todos (Prouni) 2025 termina nesta ter\u00e7a-feira, 28 de janeiro. O Prouni oferece bolsas integrais (100%) ou parciais (50%) sobre o valor da mensalidade de cursos em institui\u00e7\u00f5es privadas de educa\u00e7\u00e3o superior. Nesta\u202fedi\u00e7\u00e3o, o programa oferece 338.444 bolsas em\u202f403\u202fcursos de 1.031 institui\u00e7\u00f5es privadas por todo o pa\u00eds.\u202fDessas bolsas, &hellip;<\/p>\n","protected":false},"author":1,"featured_media":97923,"comment_status":"open","ping_status":"open","sticky":false,"template":"","format":"standard","meta":{"footnotes":""},"categories":[11],"tags":[],"class_list":["post-134307","post","type-post","status-publish","format-standard","has-post-thumbnail","hentry","category-educacao"],"_links":{"self":[{"href":"https:\/\/iparaiba.com.br\/index.php\/wp-json\/wp\/v2\/posts\/134307","targetHints":{"allow":["GET"]}}],"collection":[{"href":"https:\/\/iparaiba.com.br\/index.php\/wp-json\/wp\/v2\/posts"}],"about":[{"href":"https:\/\/iparaiba.com.br\/index.php\/wp-json\/wp\/v2\/types\/post"}],"author":[{"embeddable":true,"href":"https:\/\/iparaiba.com.br\/index.php\/wp-json\/wp\/v2\/users\/1"}],"replies":[{"embeddable":true,"href":"https:\/\/iparaiba.com.br\/index.php\/wp-json\/wp\/v2\/comments?post=134307"}],"version-history":[{"count":1,"href":"https:\/\/iparaiba.com.br\/index.php\/wp-json\/wp\/v2\/posts\/134307\/revisions"}],"predecessor-version":[{"id":134340,"href":"https:\/\/iparaiba.com.br\/index.php\/wp-json\/wp\/v2\/posts\/134307\/revisions\/134340"}],"wp:featuredmedia":[{"embeddable":true,"href":"https:\/\/iparaiba.com.br\/index.php\/wp-json\/wp\/v2\/media\/97923"}],"wp:attachment":[{"href":"https:\/\/iparaiba.com.br\/index.php\/wp-json\/wp\/v2\/media?parent=134307"}],"wp:term":[{"taxonomy":"category","embeddable":true,"href":"https:\/\/iparaiba.com.br\/index.php\/wp-json\/wp\/v2\/categories?post=134307"},{"taxonomy":"post_tag","embeddable":true,"href":"https:\/\/iparaiba.com.br\/index.php\/wp-json\/wp\/v2\/tags?post=134307"}],"curies":[{"name":"wp","href":"https:\/\/api.w.org\/{rel}","templated":true}]}}