{"id":134305,"date":"2025-01-28T10:00:31","date_gmt":"2025-01-28T13:00:31","guid":{"rendered":"https:\/\/onordeste.com.br\/?p=134303"},"modified":"2025-01-28T10:00:31","modified_gmt":"2025-01-28T13:00:31","slug":"ibama-abre-concurso-com-460-vagas","status":"publish","type":"post","link":"https:\/\/iparaiba.com.br\/index.php\/2025\/01\/28\/ibama-abre-concurso-com-460-vagas\/","title":{"rendered":"Ibama abre concurso com 460 vagas"},"content":{"rendered":"<p>O Instituto Brasileiro do Meio Ambiente e dos Recursos Naturais Renov\u00e1veis (Ibama) lan\u00e7ou o edital para um novo concurso p\u00fablico, que oferece 460 vagas em todo o pa\u00eds, incluindo tr\u00eas destinadas \u00e0 Para\u00edba. As oportunidades s\u00e3o para os cargos de analista administrativo e analista ambiental, que exigem n\u00edvel superior em qualquer \u00e1rea de forma\u00e7\u00e3o. Os aprovados ter\u00e3o remunera\u00e7\u00e3o inicial de R$ 9.994,60, al\u00e9m de gratifica\u00e7\u00f5es.<\/p>\n<p>As inscri\u00e7\u00f5es estar\u00e3o abertas entre os dias 30 de janeiro e 18 de fevereiro e devem ser realizadas exclusivamente pelo site do Cebraspe, organizador do certame, no endere\u00e7o eletr\u00f4nico\u00a0<a href=\"http:\/\/www.cebraspe.org.br\/\">www.cebraspe.org.br<\/a>. O valor da taxa de inscri\u00e7\u00e3o \u00e9 de R$ 95.<\/p>\n","protected":false},"excerpt":{"rendered":"<p>O Instituto Brasileiro do Meio Ambiente e dos Recursos Naturais Renov\u00e1veis (Ibama) lan\u00e7ou o edital para um novo concurso p\u00fablico, que oferece 460 vagas em todo o pa\u00eds, incluindo tr\u00eas destinadas \u00e0 Para\u00edba. As oportunidades s\u00e3o para os cargos de analista administrativo e analista ambiental, que exigem n\u00edvel superior em qualquer \u00e1rea de forma\u00e7\u00e3o. Os &hellip;<\/p>\n","protected":false},"author":1,"featured_media":98263,"comment_status":"open","ping_status":"open","sticky":false,"template":"","format":"standard","meta":{"footnotes":""},"categories":[12],"tags":[],"class_list":["post-134305","post","type-post","status-publish","format-standard","has-post-thumbnail","hentry","category-emprego"],"_links":{"self":[{"href":"https:\/\/iparaiba.com.br\/index.php\/wp-json\/wp\/v2\/posts\/134305","targetHints":{"allow":["GET"]}}],"collection":[{"href":"https:\/\/iparaiba.com.br\/index.php\/wp-json\/wp\/v2\/posts"}],"about":[{"href":"https:\/\/iparaiba.com.br\/index.php\/wp-json\/wp\/v2\/types\/post"}],"author":[{"embeddable":true,"href":"https:\/\/iparaiba.com.br\/index.php\/wp-json\/wp\/v2\/users\/1"}],"replies":[{"embeddable":true,"href":"https:\/\/iparaiba.com.br\/index.php\/wp-json\/wp\/v2\/comments?post=134305"}],"version-history":[{"count":1,"href":"https:\/\/iparaiba.com.br\/index.php\/wp-json\/wp\/v2\/posts\/134305\/revisions"}],"predecessor-version":[{"id":134337,"href":"https:\/\/iparaiba.com.br\/index.php\/wp-json\/wp\/v2\/posts\/134305\/revisions\/134337"}],"wp:featuredmedia":[{"embeddable":true,"href":"https:\/\/iparaiba.com.br\/index.php\/wp-json\/wp\/v2\/media\/98263"}],"wp:attachment":[{"href":"https:\/\/iparaiba.com.br\/index.php\/wp-json\/wp\/v2\/media?parent=134305"}],"wp:term":[{"taxonomy":"category","embeddable":true,"href":"https:\/\/iparaiba.com.br\/index.php\/wp-json\/wp\/v2\/categories?post=134305"},{"taxonomy":"post_tag","embeddable":true,"href":"https:\/\/iparaiba.com.br\/index.php\/wp-json\/wp\/v2\/tags?post=134305"}],"curies":[{"name":"wp","href":"https:\/\/api.w.org\/{rel}","templated":true}]}}