{"id":134304,"date":"2025-01-27T15:00:13","date_gmt":"2025-01-27T18:00:13","guid":{"rendered":"https:\/\/onordeste.com.br\/?p=134301"},"modified":"2025-01-27T15:00:13","modified_gmt":"2025-01-27T18:00:13","slug":"resultados-do-sisu-disponiveis-na-internet","status":"publish","type":"post","link":"https:\/\/iparaiba.com.br\/index.php\/2025\/01\/27\/resultados-do-sisu-disponiveis-na-internet\/","title":{"rendered":"Resultados do Sisu dispon\u00edveis na internet"},"content":{"rendered":"<p>O Minist\u00e9rio da Educa\u00e7\u00e3o divulgou na manh\u00e3 desta segunda-feira (27), o resultado do Sistema de Sele\u00e7\u00e3o Unificada (Sisu) 2025. Nesta edi\u00e7\u00e3o foram ofertadas 261.779 vagas\u202fpara 6.851 cursos de gradua\u00e7\u00e3o\u202fem\u202f124\u202finstitui\u00e7\u00f5es\u202fp\u00fablicas de ensino superior\u202fdo\u202fpa\u00eds<\/p>\n<p>O resultado pode ser acessado pela\u00a0<a href=\"https:\/\/acessounico.mec.gov.br\/sisu\" target=\"_blank\" rel=\"noreferrer noopener\">p\u00e1gina do Sisu<\/a>\u00a0no Portal \u00danico de Acesso ao Ensino Superior.<\/p>\n","protected":false},"excerpt":{"rendered":"<p>O Minist\u00e9rio da Educa\u00e7\u00e3o divulgou na manh\u00e3 desta segunda-feira (27), o resultado do Sistema de Sele\u00e7\u00e3o Unificada (Sisu) 2025. Nesta edi\u00e7\u00e3o foram ofertadas 261.779 vagas\u202fpara 6.851 cursos de gradua\u00e7\u00e3o\u202fem\u202f124\u202finstitui\u00e7\u00f5es\u202fp\u00fablicas de ensino superior\u202fdo\u202fpa\u00eds O resultado pode ser acessado pela\u00a0p\u00e1gina do Sisu\u00a0no Portal \u00danico de Acesso ao Ensino Superior.<\/p>\n","protected":false},"author":1,"featured_media":97569,"comment_status":"open","ping_status":"open","sticky":false,"template":"","format":"standard","meta":{"footnotes":""},"categories":[11],"tags":[],"class_list":["post-134304","post","type-post","status-publish","format-standard","has-post-thumbnail","hentry","category-educacao"],"_links":{"self":[{"href":"https:\/\/iparaiba.com.br\/index.php\/wp-json\/wp\/v2\/posts\/134304","targetHints":{"allow":["GET"]}}],"collection":[{"href":"https:\/\/iparaiba.com.br\/index.php\/wp-json\/wp\/v2\/posts"}],"about":[{"href":"https:\/\/iparaiba.com.br\/index.php\/wp-json\/wp\/v2\/types\/post"}],"author":[{"embeddable":true,"href":"https:\/\/iparaiba.com.br\/index.php\/wp-json\/wp\/v2\/users\/1"}],"replies":[{"embeddable":true,"href":"https:\/\/iparaiba.com.br\/index.php\/wp-json\/wp\/v2\/comments?post=134304"}],"version-history":[{"count":1,"href":"https:\/\/iparaiba.com.br\/index.php\/wp-json\/wp\/v2\/posts\/134304\/revisions"}],"predecessor-version":[{"id":134331,"href":"https:\/\/iparaiba.com.br\/index.php\/wp-json\/wp\/v2\/posts\/134304\/revisions\/134331"}],"wp:featuredmedia":[{"embeddable":true,"href":"https:\/\/iparaiba.com.br\/index.php\/wp-json\/wp\/v2\/media\/97569"}],"wp:attachment":[{"href":"https:\/\/iparaiba.com.br\/index.php\/wp-json\/wp\/v2\/media?parent=134304"}],"wp:term":[{"taxonomy":"category","embeddable":true,"href":"https:\/\/iparaiba.com.br\/index.php\/wp-json\/wp\/v2\/categories?post=134304"},{"taxonomy":"post_tag","embeddable":true,"href":"https:\/\/iparaiba.com.br\/index.php\/wp-json\/wp\/v2\/tags?post=134304"}],"curies":[{"name":"wp","href":"https:\/\/api.w.org\/{rel}","templated":true}]}}