{"id":134303,"date":"2025-01-28T10:00:40","date_gmt":"2025-01-28T13:00:40","guid":{"rendered":"https:\/\/onordeste.com.br\/?p=134299"},"modified":"2025-01-28T10:00:40","modified_gmt":"2025-01-28T13:00:40","slug":"pre-carnaval-veja-a-lista-completa-de-blocos-manifestacoes-culturais","status":"publish","type":"post","link":"https:\/\/iparaiba.com.br\/index.php\/2025\/01\/28\/pre-carnaval-veja-a-lista-completa-de-blocos-manifestacoes-culturais\/","title":{"rendered":"Pr\u00e9-carnaval: veja a lista completa de blocos, manifesta\u00e7\u00f5es culturais"},"content":{"rendered":"<p>A Secretaria Municipal de Desenvolvimento Econ\u00f4mico (Sede) de Campina Grande divulgou a lista completa dos blocos e manifesta\u00e7\u00f5es culturais que se cadastraram para o Campina Folia 2025, que acontece nos per\u00edodos pr\u00e9 e p\u00f3s-carnaval. Ao todo, 47 eventos v\u00e3o acontecer entre os dias 08 de fevereiro e 16 de mar\u00e7o.<\/p>\n<p>A lista se refere aos eventos cadastrados atrav\u00e9s de formul\u00e1rio disponibilizado pela Sede ainda em dezembro e que seguiu aberto at\u00e9 a \u00faltima segunda-feira.<\/p>\n<p>Vale lembrar que o \u2018Carnaval Tradi\u00e7\u00e3o\u2019, ter\u00e1 seus desfiles nos dias 22 e 23 de fevereiro.<\/p>\n<p>Veja a lista completa de blocos e outras manifesta\u00e7\u00f5es culturais que devem acontecer em Campina no per\u00edodo:<\/p>\n<p>Voa Voa Campina \u2013 08\/02\/2025<br \/>\nBloquinho da Haus \u2013 09\/02\/2025<br \/>\nBloco Desabonados do Inconsciente \u2013 14\/02\/2025<br \/>\nBaile de M\u00e1scaras \u2013 Mistura Gostosa \u2013 15\/02\/2025<br \/>\nLora Folia \u2013 15\/02\/2025<br \/>\nBloco fuzu\u00ea \u2013 15\/02\/2025<br \/>\nZ\u00e9 Pereira Pra Sempre \u2013 15\/02\/2025<br \/>\nFeijoada Junior Elias \u2013 16\/02\/2025<br \/>\nBloco Os Cadeados \u2013 16\/02\/2025<br \/>\nBloco Imprensados \u2013 16\/02\/2025<br \/>\nP\u00e9 inchado \u2013 16\/02\/2025<br \/>\nGal\u00e1xia Nerd \u2013 21\/02\/2025<br \/>\nArrasta Ax\u00e9 \u2013 21\/02\/2025<br \/>\nUNIDOS DO BURGIFF \u2013 21\/02\/2025<br \/>\nVem de Glitter \u2013 Maracatu Baque Mulher \u2013 22\/02\/2025<br \/>\nBloquinho Corpus Cult \u2013 22\/02\/2025<br \/>\nEPS Folia \u2013 22\/02\/2025<br \/>\nOs Foli\u00f5es do Ferro \u2013 22\/02\/2025<br \/>\nO Sucat\u00e3o Do Distrito \u2013 22\/02\/2025<br \/>\nOs Gang\u00e3o do S\u00e3o Jos\u00e9 \u2013 22\/02\/2025<br \/>\nEstetic\u00e3o Folia \u2013 22\/02\/2025<br \/>\nK folia \u2013 22\/02\/2025<br \/>\nMR Folia \u2013 23\/02\/2025<br \/>\nPipoca das Cores \u2013 Banda Ax\u00e9 Massa \u2013 23\/02\/2025<br \/>\nBloco de Carnaval \u201cSegura o baque\u201d \u2013 23\/02\/2025<br \/>\nBloco da Saudade \u2013 23\/02\/2025<br \/>\nCanger\u00ea \u2013 23\/02\/2025<br \/>\nAs Doidaliscas do Oriente \u2013 23\/02\/2025<br \/>\nBloco As Pulgas do Chiclete \u2013 23\/02\/2025<br \/>\nBloco do Caju \u2013 23\/02\/2025<br \/>\nBloco Per\u00fa na M\u00e3o \u2013 23\/02\/2025<br \/>\nBloco WD \u2013 26\/02\/2025<br \/>\nBloco da Cinquentinha \u2013 27\/02\/2025<br \/>\nBloco Moleka Folia \u2013 28\/02\/2025<br \/>\nCDT Folia \u2013 28\/02\/2025<br \/>\nSolfolia \u2013 01\/03\/2025<br \/>\nCarnaval da bela \u2013 02\/03\/2025<br \/>\nCarnaval da volta \u2013 02\/03\/2025<br \/>\nAgremia\u00e7\u00e3o Boi Valente 28 ANOS \u2013 02\/03\/2025<br \/>\nBloco do Jacar\u00e9 \u2013 07\/03\/2025<br \/>\nSerenata dos Amores \u2013 08\/03\/2025<br \/>\nBloco V\u00e9i do Bux\u00e3o \u2013 08\/03\/2025<br \/>\nBloco Rubac\u00e3o da Socorro \u2013 08\/03\/2025<br \/>\nBloco Virgens de Campina \u2013 09\/03\/2025<br \/>\n3\u00b0 Encontro de Bumba meu Boi da Bela Vista \u2013 16\/03\/2025.<\/p>\n<p>Codecom<\/p>\n","protected":false},"excerpt":{"rendered":"<p>A Secretaria Municipal de Desenvolvimento Econ\u00f4mico (Sede) de Campina Grande divulgou a lista completa dos blocos e manifesta\u00e7\u00f5es culturais que se cadastraram para o Campina Folia 2025, que acontece nos per\u00edodos pr\u00e9 e p\u00f3s-carnaval. Ao todo, 47 eventos v\u00e3o acontecer entre os dias 08 de fevereiro e 16 de mar\u00e7o. A lista se refere aos &hellip;<\/p>\n","protected":false},"author":1,"featured_media":105459,"comment_status":"open","ping_status":"open","sticky":false,"template":"","format":"standard","meta":{"footnotes":""},"categories":[4],"tags":[],"class_list":["post-134303","post","type-post","status-publish","format-standard","has-post-thumbnail","hentry","category-cultura"],"_links":{"self":[{"href":"https:\/\/iparaiba.com.br\/index.php\/wp-json\/wp\/v2\/posts\/134303","targetHints":{"allow":["GET"]}}],"collection":[{"href":"https:\/\/iparaiba.com.br\/index.php\/wp-json\/wp\/v2\/posts"}],"about":[{"href":"https:\/\/iparaiba.com.br\/index.php\/wp-json\/wp\/v2\/types\/post"}],"author":[{"embeddable":true,"href":"https:\/\/iparaiba.com.br\/index.php\/wp-json\/wp\/v2\/users\/1"}],"replies":[{"embeddable":true,"href":"https:\/\/iparaiba.com.br\/index.php\/wp-json\/wp\/v2\/comments?post=134303"}],"version-history":[{"count":1,"href":"https:\/\/iparaiba.com.br\/index.php\/wp-json\/wp\/v2\/posts\/134303\/revisions"}],"predecessor-version":[{"id":134338,"href":"https:\/\/iparaiba.com.br\/index.php\/wp-json\/wp\/v2\/posts\/134303\/revisions\/134338"}],"wp:featuredmedia":[{"embeddable":true,"href":"https:\/\/iparaiba.com.br\/index.php\/wp-json\/wp\/v2\/media\/105459"}],"wp:attachment":[{"href":"https:\/\/iparaiba.com.br\/index.php\/wp-json\/wp\/v2\/media?parent=134303"}],"wp:term":[{"taxonomy":"category","embeddable":true,"href":"https:\/\/iparaiba.com.br\/index.php\/wp-json\/wp\/v2\/categories?post=134303"},{"taxonomy":"post_tag","embeddable":true,"href":"https:\/\/iparaiba.com.br\/index.php\/wp-json\/wp\/v2\/tags?post=134303"}],"curies":[{"name":"wp","href":"https:\/\/api.w.org\/{rel}","templated":true}]}}