{"id":134300,"date":"2025-01-27T19:23:14","date_gmt":"2025-01-27T22:23:14","guid":{"rendered":"https:\/\/onordeste.com.br\/?p=134293"},"modified":"2025-01-27T19:23:14","modified_gmt":"2025-01-27T22:23:14","slug":"dado-sobre-casos-de-covid-19-em-criancas-e-divergente-do-numero-noticiado","status":"publish","type":"post","link":"https:\/\/iparaiba.com.br\/index.php\/2025\/01\/27\/dado-sobre-casos-de-covid-19-em-criancas-e-divergente-do-numero-noticiado\/","title":{"rendered":"Dado sobre casos de covid-19 em crian\u00e7as \u00e9 divergente do n\u00famero noticiado"},"content":{"rendered":"<p>A Secretaria de Sa\u00fade de Campina Grande, por meio da Dire\u00e7\u00e3o de Vigil\u00e2ncia em Sa\u00fade, esclarece que h\u00e1 uma diverg\u00eancia nos dados noticiados amplamente pela imprensa paraibana, sobre um suposto crescimento de cerca de 1000% no n\u00famero de casos de covid-19, em Campina Grande, no p\u00fablico infantil, no comparativo entre os anos de 2024 e 2025.<\/p>\n<p>Na realidade, o dado apresentado levou em considera\u00e7\u00e3o o n\u00famero de crian\u00e7as internadas em UTI, no ano de 2024, no Hospital da Crian\u00e7a e do Adolescente, com S\u00edndrome Respirat\u00f3ria Aguda Grave, com diagn\u00f3stico positivo para a covid-19, que representou um total de 7 crian\u00e7as. A reportagem fez o comparativo com todos os casos diagnosticados de covid-19, em crian\u00e7as, na unidade hospitalar no ano de 2025, considerando casos leves, al\u00e9m de todos os testes r\u00e1pidos realizados e n\u00e3o somente o n\u00famero de crian\u00e7as internadas em UTI em janeiro deste ano. Ou seja, s\u00e3o situa\u00e7\u00f5es diferentes, o que levou a um erro de falsa equival\u00eancia.<\/p>\n<p>Se comparadas todas as notifica\u00e7\u00f5es positivas de covid-19, no p\u00fablico infantil, incluindo os testes de ant\u00edgeno e pat\u00f3geno, em 2024 e neste in\u00edcio de 2025, o aumento \u00e9, na verdade, de 69,71%, ou seja, 51 casos a mais do que em 2024. O dado inspira cuidados e alerta, mas \u00e9 bastante divergente do marco de 1.000% noticiado, o que j\u00e1 seria suficiente para caracterizar uma epidemia significativa, caso fosse real.<\/p>\n<p>\u201c\u00c9 fato e, corroboramos com as orienta\u00e7\u00f5es para mitiga\u00e7\u00e3o e cuidados gerais, emanadas pela unidade nosol\u00f3gica, atrav\u00e9s de sua competente equipe. N\u00e3o houve dolo ou quaisquer inten\u00e7\u00f5es da unidade hospitalar, tornar os n\u00fameros tecnicamente alarmantes, pelo contr\u00e1rio, apenas forneceu uma informa\u00e7\u00e3o comparativa, que diferenciou casos graves evoluindo para SRAG, de casos aumentados de covid-19 que, n\u00e3o necessariamente, evolu\u00edram para UTI. Algo que n\u00e3o exime a popula\u00e7\u00e3o de redobrar os cuidados e as medidas sanit\u00e1rias com as crian\u00e7as e idosos\u201d, explicou o diretor de Vigil\u00e2ncia em Sa\u00fade, Miguel Dantas.<\/p>\n<p>De acordo com Michele N\u00f3brega, coordenadora de emerg\u00eancia do Hospital da Crian\u00e7a e do Adolescente de Campina Grande, uma das poss\u00edveis causas para o crescimento do n\u00famero de casos da covid-19 foram as comemora\u00e7\u00f5es do final de ano. Al\u00e9m disso, ela frisa que o per\u00edodo de f\u00e9rias das crian\u00e7as e adolescentes, no m\u00eas de janeiro, tamb\u00e9m traz uma maior circula\u00e7\u00e3o das crian\u00e7as e, consequentemente, do v\u00edrus da covid-19. De acordo com a coordenadora, a melhor forma de evitar o aumento da contamina\u00e7\u00e3o ainda \u00e9 a vacina\u00e7\u00e3o, que est\u00e1 dispon\u00edvel para crian\u00e7as de seis meses a quatro anos. A vacina para gestantes est\u00e1 entre as recomenda\u00e7\u00f5es para proteger os primeiros meses de vida dos beb\u00eas.<\/p>\n<p>Codecom<\/p>\n","protected":false},"excerpt":{"rendered":"<p>A Secretaria de Sa\u00fade de Campina Grande, por meio da Dire\u00e7\u00e3o de Vigil\u00e2ncia em Sa\u00fade, esclarece que h\u00e1 uma diverg\u00eancia nos dados noticiados amplamente pela imprensa paraibana, sobre um suposto crescimento de cerca de 1000% no n\u00famero de casos de covid-19, em Campina Grande, no p\u00fablico infantil, no comparativo entre os anos de 2024 e &hellip;<\/p>\n","protected":false},"author":1,"featured_media":107919,"comment_status":"open","ping_status":"open","sticky":false,"template":"","format":"standard","meta":{"footnotes":""},"categories":[2],"tags":[],"class_list":["post-134300","post","type-post","status-publish","format-standard","has-post-thumbnail","hentry","category-saude"],"_links":{"self":[{"href":"https:\/\/iparaiba.com.br\/index.php\/wp-json\/wp\/v2\/posts\/134300","targetHints":{"allow":["GET"]}}],"collection":[{"href":"https:\/\/iparaiba.com.br\/index.php\/wp-json\/wp\/v2\/posts"}],"about":[{"href":"https:\/\/iparaiba.com.br\/index.php\/wp-json\/wp\/v2\/types\/post"}],"author":[{"embeddable":true,"href":"https:\/\/iparaiba.com.br\/index.php\/wp-json\/wp\/v2\/users\/1"}],"replies":[{"embeddable":true,"href":"https:\/\/iparaiba.com.br\/index.php\/wp-json\/wp\/v2\/comments?post=134300"}],"version-history":[{"count":1,"href":"https:\/\/iparaiba.com.br\/index.php\/wp-json\/wp\/v2\/posts\/134300\/revisions"}],"predecessor-version":[{"id":134334,"href":"https:\/\/iparaiba.com.br\/index.php\/wp-json\/wp\/v2\/posts\/134300\/revisions\/134334"}],"wp:featuredmedia":[{"embeddable":true,"href":"https:\/\/iparaiba.com.br\/index.php\/wp-json\/wp\/v2\/media\/107919"}],"wp:attachment":[{"href":"https:\/\/iparaiba.com.br\/index.php\/wp-json\/wp\/v2\/media?parent=134300"}],"wp:term":[{"taxonomy":"category","embeddable":true,"href":"https:\/\/iparaiba.com.br\/index.php\/wp-json\/wp\/v2\/categories?post=134300"},{"taxonomy":"post_tag","embeddable":true,"href":"https:\/\/iparaiba.com.br\/index.php\/wp-json\/wp\/v2\/tags?post=134300"}],"curies":[{"name":"wp","href":"https:\/\/api.w.org\/{rel}","templated":true}]}}