{"id":134279,"date":"2025-01-03T18:07:05","date_gmt":"2025-01-03T21:07:05","guid":{"rendered":"https:\/\/onordeste.com.br\/?p=134245"},"modified":"2025-01-03T18:07:05","modified_gmt":"2025-01-03T21:07:05","slug":"cfo-e-favoravel-a-transformacao-da-secretaria-municipal-das-mulheres","status":"publish","type":"post","link":"https:\/\/iparaiba.com.br\/index.php\/2025\/01\/03\/cfo-e-favoravel-a-transformacao-da-secretaria-municipal-das-mulheres\/","title":{"rendered":"CFO \u00e9 favor\u00e1vel \u00e0 transforma\u00e7\u00e3o da Secretaria Municipal das Mulheres"},"content":{"rendered":"<p align=\"justify\">A Comiss\u00e3o de Finan\u00e7as, Or\u00e7amento, Obras e Administra\u00e7\u00e3o P\u00fablica (CFO) da C\u00e2mara Municipal de Jo\u00e3o Pessoa (CMJP) aprovou o parecer favor\u00e1vel ao Projeto de Lei Ordin\u00e1ria (PLO) que\u00a0transforma a Secretaria Municipal Extraordin\u00e1ria de Pol\u00edticas P\u00fablicas para as Mulheres em Secretaria Municipal de Pol\u00edticas P\u00fablicas para as Mulheres. O colegiado aprovou, na reuni\u00e3o desta ter\u00e7a-feira (10), sete projetos de autoria do Executivo Municipal.<\/p>\n<p align=\"justify\">O PLO\u00a0<a href=\"https:\/\/sapl.joaopessoa.pb.leg.br\/media\/sapl\/public\/materialegislativa\/2024\/179117\/mensagem_098_-_plo_-_altera_lei_11.902_transforma_secretaria_extraordinaria_politicas_publicas_mulher.pdf\" target=\"_blank\" rel=\"noopener\" data-saferedirecturl=\"https:\/\/www.google.com\/url?q=https:\/\/sapl.joaopessoa.pb.leg.br\/media\/sapl\/public\/materialegislativa\/2024\/179117\/mensagem_098_-_plo_-_altera_lei_11.902_transforma_secretaria_extraordinaria_politicas_publicas_mulher.pdf&amp;source=gmail&amp;ust=1736024484641000&amp;usg=AOvVaw0TnwhGAwbmIbM8fAri2TFg\">2250\/2024<\/a>, acatado, altera a Lei n\u00ba 11.902\/2010, transformando a Secretaria Municipal Extraordin\u00e1ria de Pol\u00edticas P\u00fablicas para as Mulheres em Secretaria Municipal de Pol\u00edticas P\u00fablicas para Mulheres. De acordo com o documento, a Secretaria Municipal de Pol\u00edticas P\u00fablicas para Mulheres vai manter a mesma estrutura organizacional, compet\u00eancias e atribui\u00e7\u00f5es j\u00e1 estabelecidas.<\/p>\n<p align=\"justify\">Em sua justificativa, o Executivo ressaltou que a Secretaria Municipal Extraordin\u00e1ria de Pol\u00edticas P\u00fablicas para as Mulheres foi criada em 2010, atrav\u00e9s da Lei n\u00ba 11.902, com o objetivo de atender \u00e0s demandas emergenciais e espec\u00edficas das mulheres no munic\u00edpio e, desde ent\u00e3o, tem desempenhado um papel fundamental na promo\u00e7\u00e3o da igualdade de g\u00eanero e na implementa\u00e7\u00e3o de pol\u00edticas p\u00fablicas voltadas para a prote\u00e7\u00e3o e o empoderamento das mulheres. \u201cA sua atua\u00e7\u00e3o ao longo dos \u00faltimos dez anos demonstrou sua relev\u00e2ncia e necessidade cont\u00ednua, justificando sua perman\u00eancia e integra\u00e7\u00e3o na estrutura administrativa ordin\u00e1ria. A institucionaliza\u00e7\u00e3o dessa secretaria reflete n\u00e3o apenas o reconhecimento da import\u00e2ncia das demandas relacionadas \u00e0s mulheres, mas tamb\u00e9m o compromisso da administra\u00e7\u00e3o municipal em garantir o fortalecimento das pol\u00edticas p\u00fablicas que promovem a igualdade de g\u00eanero e tantos outros aspectos. Essa mudan\u00e7a refor\u00e7a a import\u00e2ncia dessas pol\u00edticas como parte integrante da administra\u00e7\u00e3o p\u00fablica e assegura que as a\u00e7\u00f5es voltadas para as mulheres tenham a devida prioridade\u201d, justificou.<\/p>\n<p align=\"justify\">Tamb\u00e9m receberam pareceres favor\u00e1veis dois projetos com autoriza\u00e7\u00e3o de abertura de cr\u00e9dito especial: o PLO\u00a0<a href=\"https:\/\/sapl.joaopessoa.pb.leg.br\/media\/sapl\/public\/materialegislativa\/2024\/180976\/mensagem_138_-_plo_-_credito_especial_na_egm-sefin_-_r_3.64977_3.pdf\" target=\"_blank\" rel=\"noopener\" data-saferedirecturl=\"https:\/\/www.google.com\/url?q=https:\/\/sapl.joaopessoa.pb.leg.br\/media\/sapl\/public\/materialegislativa\/2024\/180976\/mensagem_138_-_plo_-_credito_especial_na_egm-sefin_-_r_3.64977_3.pdf&amp;source=gmail&amp;ust=1736024484641000&amp;usg=AOvVaw076moHwcX2E_gkq_ZaBQYr\">2345\/2024<\/a>, nos Encargos Gerais do Munic\u00edpio\/Recursos sob a Supervis\u00e3o da Secretaria das Finan\u00e7as, no valor de R$ 3.649,77; e o\u00a0<a href=\"https:\/\/sapl.joaopessoa.pb.leg.br\/media\/sapl\/public\/materialegislativa\/2024\/181106\/mensagem_142_-_plo_-_autoriza_executivo_contratar_credito_brb_ate_100.000.00000.pdf\" target=\"_blank\" rel=\"noopener\" data-saferedirecturl=\"https:\/\/www.google.com\/url?q=https:\/\/sapl.joaopessoa.pb.leg.br\/media\/sapl\/public\/materialegislativa\/2024\/181106\/mensagem_142_-_plo_-_autoriza_executivo_contratar_credito_brb_ate_100.000.00000.pdf&amp;source=gmail&amp;ust=1736024484641000&amp;usg=AOvVaw1vA9hFCDftnIpR7ddLRMqu\">2356\/2024<\/a>, junto ao Banco de Bras\u00edlia, at\u00e9 o valor de R$ 100 milh\u00f5es, sendo os recursos obrigatoriamente aplicados na implanta\u00e7\u00e3o de obras de drenagem e pavimenta\u00e7\u00e3o na Capital.<\/p>\n<p align=\"justify\">O colegiado ainda foi favor\u00e1vel a quatro realoca\u00e7\u00f5es or\u00e7ament\u00e1rias: PLO\u00a0<a href=\"https:\/\/sapl.joaopessoa.pb.leg.br\/media\/sapl\/public\/materialegislativa\/2024\/180655\/mensagem_134_-_plo_-_realocacao_orcamentaria_na_sedhuc-fmas-r_1.161.13000.pdf\" target=\"_blank\" rel=\"noopener\" data-saferedirecturl=\"https:\/\/www.google.com\/url?q=https:\/\/sapl.joaopessoa.pb.leg.br\/media\/sapl\/public\/materialegislativa\/2024\/180655\/mensagem_134_-_plo_-_realocacao_orcamentaria_na_sedhuc-fmas-r_1.161.13000.pdf&amp;source=gmail&amp;ust=1736024484642000&amp;usg=AOvVaw23QZKd31jiTQAbe-CptkgQ\">2328\/2024<\/a>, com autoriza\u00e7\u00e3o no valor de R$ 1.161.130,00, na Secretaria de Direitos Humanos e Cidadania\/Fundo Municipal de Assist\u00eancia Social (FMAS); PLO\u00a0<a href=\"https:\/\/sapl.joaopessoa.pb.leg.br\/media\/sapl\/public\/materialegislativa\/2024\/180791\/mensagem_136_-_plo_-_realocacao_orcamentaria_na_sms-fms_-_r_4.600.00000.pdf\" target=\"_blank\" rel=\"noopener\" data-saferedirecturl=\"https:\/\/www.google.com\/url?q=https:\/\/sapl.joaopessoa.pb.leg.br\/media\/sapl\/public\/materialegislativa\/2024\/180791\/mensagem_136_-_plo_-_realocacao_orcamentaria_na_sms-fms_-_r_4.600.00000.pdf&amp;source=gmail&amp;ust=1736024484642000&amp;usg=AOvVaw3j-pmO1WM9Xjras63jT5Z0\">2337\/2024<\/a>, com autoriza\u00e7\u00e3o no valor de R$ 4,6 milh\u00f5es, na Secretaria Municipal de Sa\u00fade\/Fundo Municipal de Sa\u00fade (FMS); o PLO\u00a0<a href=\"https:\/\/sapl.joaopessoa.pb.leg.br\/media\/sapl\/public\/materialegislativa\/2024\/180816\/mensagem_139_-_plo_-_realocacao_orcamentaria_funjope_r_1.100.00000.pdf\" target=\"_blank\" rel=\"noopener\" data-saferedirecturl=\"https:\/\/www.google.com\/url?q=https:\/\/sapl.joaopessoa.pb.leg.br\/media\/sapl\/public\/materialegislativa\/2024\/180816\/mensagem_139_-_plo_-_realocacao_orcamentaria_funjope_r_1.100.00000.pdf&amp;source=gmail&amp;ust=1736024484642000&amp;usg=AOvVaw3DzyNwdH8CXW_gE-Ie1uM-\">2338\/2024<\/a>,\u00a0autorizando o valor de R$ 1,1 milh\u00e3o, na Secretaria Municipal de Educa\u00e7\u00e3o e Cultura\/Funda\u00e7\u00e3o Cultural de Jo\u00e3o Pessoa (Funjope); o PLO\u00a0<a href=\"https:\/\/sapl.joaopessoa.pb.leg.br\/media\/sapl\/public\/materialegislativa\/2024\/180952\/mensagem_137_-_plo_-_realocacao_orcamentaria_na_varios_orgaos_-_r19_882.82291.pdf\" target=\"_blank\" rel=\"noopener\" data-saferedirecturl=\"https:\/\/www.google.com\/url?q=https:\/\/sapl.joaopessoa.pb.leg.br\/media\/sapl\/public\/materialegislativa\/2024\/180952\/mensagem_137_-_plo_-_realocacao_orcamentaria_na_varios_orgaos_-_r19_882.82291.pdf&amp;source=gmail&amp;ust=1736024484642000&amp;usg=AOvVaw25FqN4V8DTo3J8bs0qUokh\">2341\/2024<\/a>, com realoca\u00e7\u00f5es em v\u00e1rios \u00f3rg\u00e3os, no valor global de R$ 19.882.822,91.<\/p>\n<p align=\"justify\">CMJP<\/p>\n","protected":false},"excerpt":{"rendered":"<p>A Comiss\u00e3o de Finan\u00e7as, Or\u00e7amento, Obras e Administra\u00e7\u00e3o P\u00fablica (CFO) da C\u00e2mara Municipal de Jo\u00e3o Pessoa (CMJP) aprovou o parecer favor\u00e1vel ao Projeto de Lei Ordin\u00e1ria (PLO) que\u00a0transforma a Secretaria Municipal Extraordin\u00e1ria de Pol\u00edticas P\u00fablicas para as Mulheres em Secretaria Municipal de Pol\u00edticas P\u00fablicas para as Mulheres. O colegiado aprovou, na reuni\u00e3o desta ter\u00e7a-feira (10), &hellip;<\/p>\n","protected":false},"author":1,"featured_media":134087,"comment_status":"open","ping_status":"open","sticky":false,"template":"","format":"standard","meta":{"footnotes":""},"categories":[15],"tags":[],"class_list":["post-134279","post","type-post","status-publish","format-standard","has-post-thumbnail","hentry","category-links"],"_links":{"self":[{"href":"https:\/\/iparaiba.com.br\/index.php\/wp-json\/wp\/v2\/posts\/134279","targetHints":{"allow":["GET"]}}],"collection":[{"href":"https:\/\/iparaiba.com.br\/index.php\/wp-json\/wp\/v2\/posts"}],"about":[{"href":"https:\/\/iparaiba.com.br\/index.php\/wp-json\/wp\/v2\/types\/post"}],"author":[{"embeddable":true,"href":"https:\/\/iparaiba.com.br\/index.php\/wp-json\/wp\/v2\/users\/1"}],"replies":[{"embeddable":true,"href":"https:\/\/iparaiba.com.br\/index.php\/wp-json\/wp\/v2\/comments?post=134279"}],"version-history":[{"count":0,"href":"https:\/\/iparaiba.com.br\/index.php\/wp-json\/wp\/v2\/posts\/134279\/revisions"}],"wp:featuredmedia":[{"embeddable":true,"href":"https:\/\/iparaiba.com.br\/index.php\/wp-json\/wp\/v2\/media\/134087"}],"wp:attachment":[{"href":"https:\/\/iparaiba.com.br\/index.php\/wp-json\/wp\/v2\/media?parent=134279"}],"wp:term":[{"taxonomy":"category","embeddable":true,"href":"https:\/\/iparaiba.com.br\/index.php\/wp-json\/wp\/v2\/categories?post=134279"},{"taxonomy":"post_tag","embeddable":true,"href":"https:\/\/iparaiba.com.br\/index.php\/wp-json\/wp\/v2\/tags?post=134279"}],"curies":[{"name":"wp","href":"https:\/\/api.w.org\/{rel}","templated":true}]}}