{"id":134278,"date":"2025-01-03T18:02:08","date_gmt":"2025-01-03T21:02:08","guid":{"rendered":"https:\/\/onordeste.com.br\/?p=134243"},"modified":"2025-01-03T18:02:08","modified_gmt":"2025-01-03T21:02:08","slug":"camara-da-posse-ao-prefeito-e-vice-prefeito-eleitos-em-joao-pessoa","status":"publish","type":"post","link":"https:\/\/iparaiba.com.br\/index.php\/2025\/01\/03\/camara-da-posse-ao-prefeito-e-vice-prefeito-eleitos-em-joao-pessoa\/","title":{"rendered":"C\u00e2mara d\u00e1 posse ao prefeito e vice-prefeito eleitos em Jo\u00e3o Pessoa"},"content":{"rendered":"<div>A C\u00e2mara Municipal de Jo\u00e3o Pessoa (CMJP) deu posse ao prefeito e vice-prefeito eleitos em Jo\u00e3o Pessoa, C\u00edcero Lucena (PP) e Leo Bezerra (PSB), respectivamente. A cerim\u00f4nia, conduzida pelo presidente do Legislativo Municipal, Dinho Dowsley (PSD), foi realizada na Pra\u00e7a do Povo, no Espa\u00e7o Cultural, contando com a presen\u00e7a de diversas autoridades, familiares e amigos.<\/div>\n<div><\/div>\n<div>Em discurso, durante a cerim\u00f4nia, o presidente Dinho ressaltou: \u201cEsta vit\u00f3ria \u00e9 fruto de muito trabalho realizado pela Prefeitura, e vale destacar que teve a C\u00e2mara Municipal de Jo\u00e3o Pessoa como parceira para discutir e aprovar projetos a fim de melhorar a vida da popula\u00e7\u00e3o. A C\u00e2mara sempre estar\u00e1 a postos para trabalhar em prol da cidade\u201d.<\/div>\n<div><\/div>\n<div>Ele ainda salientou que a popula\u00e7\u00e3o pessoense elegeu os gestores que v\u00e3o conduzir o destino da cidade e que isso \u00e9 uma grande responsabilidade: \u201cA caminhada para a atingir um milh\u00e3o de habitantes \u00e9 de muita responsabilidade. Cabe a n\u00f3s, ent\u00e3o, trabalhar com a Prefeitura incessantemente para n\u00e3o comprometer o que temos de melhor, a qualidade de vida, atrav\u00e9s do di\u00e1logo com a popula\u00e7\u00e3o de Jo\u00e3o Pessoa. Um ponto positivo que j\u00e1 temos, nesse sentido, \u00e9 a constru\u00e7\u00e3o da nova sede da C\u00e2mara, que o prefeito ajudou a concretizar, pois dar\u00e1 condi\u00e7\u00f5es para a Casa, que \u00e9 do povo, abrigar esses debates. Todos os eleitos presentes sabem a responsabilidade com o eleitor, que espera melhorias. Avan\u00e7amos muito, mas ainda temos muito mais a conquistar em prol do nosso povo\u201d.<\/div>\n<div><\/div>\n<div>\u201cAssumo pela quarta vez a honrosa miss\u00e3o de cuidar desta cidade que carrego no cora\u00e7\u00e3o. Jo\u00e3o Pessoa \u00e9 uma cidade que me abra\u00e7ou com o seu calor, que me inspira diariamente e me desafia a ser cada vez melhor. Este n\u00e3o \u00e9 apenas um instante de celebra\u00e7\u00e3o, mas, um chamado para reafirmarmos nosso compromisso com um futuro ainda mais promissor para a nossa gente. Renovando a nossa f\u00e9 nesse compromisso \u00e9 que temos certeza de que vamos fazer essa cidade cada vez mais justa, humana, solid\u00e1ria e inclusiva\u201d, declarou o prefeito C\u00edcero Lucena durante cerim\u00f4nia. Ele ainda agradeceu \u00e0 C\u00e2mara Municipal pelo apoio nos \u00faltimos quatro anos e a convocou a continuar construindo e colaborando para o bem-estar da popula\u00e7\u00e3o pessoense.<\/div>\n<div><\/div>\n<div>A mesa foi composta pelo presidente da C\u00e2mara Municipal, Dinho Dowsley (PSD), o primeiro-secret\u00e1rio da Casa Legislativa, Marmuthe Cavalcanti (Republicanos), o governador do Estado, Jo\u00e3o Azevedo (PSB), os deputados federais Hugo Motta (Republicanos) e Mersinho Lucena (PP) e o secret\u00e1rio de Gest\u00e3o Governamental e Articula\u00e7\u00e3o Pol\u00edtica e suplente da senadora Daniela Ribeiro (PSD), Diego Tavares (PP).<\/div>\n","protected":false},"excerpt":{"rendered":"<p>A C\u00e2mara Municipal de Jo\u00e3o Pessoa (CMJP) deu posse ao prefeito e vice-prefeito eleitos em Jo\u00e3o Pessoa, C\u00edcero Lucena (PP) e Leo Bezerra (PSB), respectivamente. A cerim\u00f4nia, conduzida pelo presidente do Legislativo Municipal, Dinho Dowsley (PSD), foi realizada na Pra\u00e7a do Povo, no Espa\u00e7o Cultural, contando com a presen\u00e7a de diversas autoridades, familiares e amigos. &hellip;<\/p>\n","protected":false},"author":1,"featured_media":97717,"comment_status":"open","ping_status":"open","sticky":false,"template":"","format":"standard","meta":{"footnotes":""},"categories":[8],"tags":[],"class_list":["post-134278","post","type-post","status-publish","format-standard","has-post-thumbnail","hentry","category-politica"],"_links":{"self":[{"href":"https:\/\/iparaiba.com.br\/index.php\/wp-json\/wp\/v2\/posts\/134278","targetHints":{"allow":["GET"]}}],"collection":[{"href":"https:\/\/iparaiba.com.br\/index.php\/wp-json\/wp\/v2\/posts"}],"about":[{"href":"https:\/\/iparaiba.com.br\/index.php\/wp-json\/wp\/v2\/types\/post"}],"author":[{"embeddable":true,"href":"https:\/\/iparaiba.com.br\/index.php\/wp-json\/wp\/v2\/users\/1"}],"replies":[{"embeddable":true,"href":"https:\/\/iparaiba.com.br\/index.php\/wp-json\/wp\/v2\/comments?post=134278"}],"version-history":[{"count":0,"href":"https:\/\/iparaiba.com.br\/index.php\/wp-json\/wp\/v2\/posts\/134278\/revisions"}],"wp:featuredmedia":[{"embeddable":true,"href":"https:\/\/iparaiba.com.br\/index.php\/wp-json\/wp\/v2\/media\/97717"}],"wp:attachment":[{"href":"https:\/\/iparaiba.com.br\/index.php\/wp-json\/wp\/v2\/media?parent=134278"}],"wp:term":[{"taxonomy":"category","embeddable":true,"href":"https:\/\/iparaiba.com.br\/index.php\/wp-json\/wp\/v2\/categories?post=134278"},{"taxonomy":"post_tag","embeddable":true,"href":"https:\/\/iparaiba.com.br\/index.php\/wp-json\/wp\/v2\/tags?post=134278"}],"curies":[{"name":"wp","href":"https:\/\/api.w.org\/{rel}","templated":true}]}}