{"id":134275,"date":"2025-01-05T16:00:37","date_gmt":"2025-01-05T19:00:37","guid":{"rendered":"https:\/\/onordeste.com.br\/?p=134273"},"modified":"2025-01-05T16:00:37","modified_gmt":"2025-01-05T19:00:37","slug":"stf-utiliza-arte-e-dialogo-para-relembrar-2-anos-dos-ataques-de-8-de-janeiro","status":"publish","type":"post","link":"https:\/\/iparaiba.com.br\/index.php\/2025\/01\/05\/stf-utiliza-arte-e-dialogo-para-relembrar-2-anos-dos-ataques-de-8-de-janeiro\/","title":{"rendered":"STF utiliza arte e di\u00e1logo para relembrar 2 anos dos ataques de 8 de janeiro"},"content":{"rendered":"<p>Em mem\u00f3ria aos ataques ocorridos aos pr\u00e9dios dos tr\u00eas Poderes da Rep\u00fablica, o Supremo Tribunal Federal (STF) promover\u00e1 no dia 8\/1, \u00e0s 14h, uma roda de conversa. O vice-presidente do Supremo no exerc\u00edcio da Presid\u00eancia, ministro Edson Fachin, abrir\u00e1 o encontro, e tamb\u00e9m receber\u00e1, \u00e0s 15h30, obras de arte, produzidas com destro\u00e7os da invas\u00e3o, de quatro artistas pl\u00e1sticos de Bras\u00edlia.<\/p>\n<p>Participar\u00e3o da conversa servidores e colaboradores que atuaram na limpeza e reconstru\u00e7\u00e3o das instala\u00e7\u00f5es depredadas, al\u00e9m da restaura\u00e7\u00e3o das obras destru\u00eddas durante a invas\u00e3o \u00e0 Suprema Corte.<\/p>\n<p>No mesmo dia, o Supremo lan\u00e7ar\u00e1 um hotsite de mem\u00f3ria com informa\u00e7\u00f5es completas, que v\u00e3o desde os ataques e a destrui\u00e7\u00e3o do pr\u00e9dio at\u00e9 o processo de reconstru\u00e7\u00e3o e a responsabiliza\u00e7\u00e3o daqueles que invadiram e depredaram as instala\u00e7\u00f5es da Corte.<\/p>\n<h5 class=\"wp-block-heading\"><strong>Arte<\/strong><\/h5>\n<p>Quatro artistas participam do projeto que prop\u00f5e ressignificar material oriundo da destrui\u00e7\u00e3o das instala\u00e7\u00f5es do STF: Val\u00e9ria Pena-Costa, Carppio de Morais, Marilu Cerqueira e M\u00e1rio Jardim. O grupo entregar\u00e1 formalmente as pe\u00e7as ao ministro Fachin, momento em que os artistas apresentar\u00e3o cada uma das obras que simbolizam a reconstru\u00e7\u00e3o do pr\u00e9dio da Suprema Corte e a preval\u00eancia da democracia.<\/p>\n<p>O Manto da Democracia \u00e9 o t\u00edtulo da obra de Val\u00e9ria Pena-Costa. A artista convidou cerca de 60 mulheres para reconstruir simbolicamente a toga da ministra Rosa Weber, presidente do STF na data dos ataques de 8\/1\/2023. A proposta da artista \u00e9 reunir o que chamou de \u201cenergia criativa\u201d de muitas mulheres em torno de uma mulher que ocupava um dos mais altos postos de poder do pa\u00eds. \u201cUm ato simb\u00f3lico de identidade, solidariedade e for\u00e7a, manifestado atrav\u00e9s da arte\u201d.<\/p>\n<p>Apresentado dentro de uma caixa de acr\u00edlico, Carppio de Morais produziu uma pintura sobre tela com tonalidade em preto inspirada no luto das p\u00e1ginas carbonizadas da Constitui\u00e7\u00e3o Federal. Segundo o artista, a obra trar\u00e1 um percurso hist\u00f3rico em que se retrata a sociedade brasileira, desde a escravid\u00e3o at\u00e9 os dias atuais, passando pela primeira Constitui\u00e7\u00e3o, para representar um Brasil diverso, al\u00e9m de dividido ideol\u00f3gica e socialmente.<\/p>\n<p>A produ\u00e7\u00e3o de Marilu Cerqueira se deu em pedra m\u00e1rmore azul retalhada, com peda\u00e7os de vidro\u00a0<em>blindex<\/em>\u00a0esverdeado, vidro de l\u00e2mpada, peda\u00e7os de tela de dispositivo m\u00f3vel\/tablet, cacos de espelho, m\u00e1rmore branco triturado, pedra portuguesa triturada e a impress\u00e3o do s\u00edmbolo da bandeira com frases representando a destrui\u00e7\u00e3o do Tribunal. Para ela, \u201co 8\/1\/23 deve ser uma data para sempre relembrada pois n\u00e3o se trata de algo apenas no passado, ele \u00e9 presente e futuro\u201d.<\/p>\n<p>A obra do artista M\u00e1rio Jardim, feita em parceria com Val\u00e9ria Pena-Costa, ter\u00e1 a palavra \u201cdemocracia\u201d, referida no espelho e repetida em seus fragmentos. A ideia \u00e9 baseada em serm\u00f5es do Padre Ant\u00f4nio Vieira, para quem as propriedades e as virtudes da eucaristia n\u00e3o se deixam afetar pela fragmenta\u00e7\u00e3o, j\u00e1 que cada parte trazia em si o todo da divindade. Para os artistas, assim tamb\u00e9m \u00e9 a democracia, que, apesar de atacada, se perpetua \u00edntegra, desde que preservadas as suas partes que abrigam o todo.<\/p>\n<p class=\"has-small-font-size\">(Iva Velloso\/LM\/\/MO)<\/p>\n<p>STF<\/p>\n","protected":false},"excerpt":{"rendered":"<p>Em mem\u00f3ria aos ataques ocorridos aos pr\u00e9dios dos tr\u00eas Poderes da Rep\u00fablica, o Supremo Tribunal Federal (STF) promover\u00e1 no dia 8\/1, \u00e0s 14h, uma roda de conversa. O vice-presidente do Supremo no exerc\u00edcio da Presid\u00eancia, ministro Edson Fachin, abrir\u00e1 o encontro, e tamb\u00e9m receber\u00e1, \u00e0s 15h30, obras de arte, produzidas com destro\u00e7os da invas\u00e3o, de &hellip;<\/p>\n","protected":false},"author":1,"featured_media":97419,"comment_status":"open","ping_status":"open","sticky":false,"template":"","format":"standard","meta":{"footnotes":""},"categories":[9],"tags":[],"class_list":["post-134275","post","type-post","status-publish","format-standard","has-post-thumbnail","hentry","category-justica"],"_links":{"self":[{"href":"https:\/\/iparaiba.com.br\/index.php\/wp-json\/wp\/v2\/posts\/134275","targetHints":{"allow":["GET"]}}],"collection":[{"href":"https:\/\/iparaiba.com.br\/index.php\/wp-json\/wp\/v2\/posts"}],"about":[{"href":"https:\/\/iparaiba.com.br\/index.php\/wp-json\/wp\/v2\/types\/post"}],"author":[{"embeddable":true,"href":"https:\/\/iparaiba.com.br\/index.php\/wp-json\/wp\/v2\/users\/1"}],"replies":[{"embeddable":true,"href":"https:\/\/iparaiba.com.br\/index.php\/wp-json\/wp\/v2\/comments?post=134275"}],"version-history":[{"count":1,"href":"https:\/\/iparaiba.com.br\/index.php\/wp-json\/wp\/v2\/posts\/134275\/revisions"}],"predecessor-version":[{"id":134294,"href":"https:\/\/iparaiba.com.br\/index.php\/wp-json\/wp\/v2\/posts\/134275\/revisions\/134294"}],"wp:featuredmedia":[{"embeddable":true,"href":"https:\/\/iparaiba.com.br\/index.php\/wp-json\/wp\/v2\/media\/97419"}],"wp:attachment":[{"href":"https:\/\/iparaiba.com.br\/index.php\/wp-json\/wp\/v2\/media?parent=134275"}],"wp:term":[{"taxonomy":"category","embeddable":true,"href":"https:\/\/iparaiba.com.br\/index.php\/wp-json\/wp\/v2\/categories?post=134275"},{"taxonomy":"post_tag","embeddable":true,"href":"https:\/\/iparaiba.com.br\/index.php\/wp-json\/wp\/v2\/tags?post=134275"}],"curies":[{"name":"wp","href":"https:\/\/api.w.org\/{rel}","templated":true}]}}