{"id":134274,"date":"2025-01-05T14:00:41","date_gmt":"2025-01-05T17:00:41","guid":{"rendered":"https:\/\/onordeste.com.br\/?p=134271"},"modified":"2025-01-05T14:00:41","modified_gmt":"2025-01-05T17:00:41","slug":"pf-faz-prisao-por-trafico-de-drogas","status":"publish","type":"post","link":"https:\/\/iparaiba.com.br\/index.php\/2025\/01\/05\/pf-faz-prisao-por-trafico-de-drogas\/","title":{"rendered":"PF faz pris\u00e3o por tr\u00e1fico de drogas"},"content":{"rendered":"<p><strong>Corumb\u00e1\/MS.<\/strong>\u00a0A Pol\u00edcia Federal, por meio da Delegacia de Pol\u00edcia Federal em Corumb\u00e1, realizou, nesta quinta-feira, 2\/1, uma pris\u00e3o em flagrante, em uma a\u00e7\u00e3o coordenada e conduzida integralmente por sua equipe de policiais, que resultou na deten\u00e7\u00e3o de uma mulher de 21 anos, investigada pelo envolvimento com o tr\u00e1fico de drogas na regi\u00e3o.<\/p>\n<p>A partir de informa\u00e7\u00f5es recebidas pela equipe de investiga\u00e7\u00e3o sobre a pr\u00e1tica de tr\u00e1fico de drogas em Corumb\u00e1, os policiais federais localizaram um im\u00f3vel na cidade onde a autora armazenava entorpecentes (&#8220;maconha&#8221;) destinados \u00e0 comercializa\u00e7\u00e3o il\u00edcita. A suspeita foi presa em flagrante e conduzida \u00e0 Delegacia de Pol\u00edcia Federal para os procedimentos cab\u00edveis, encontrando-se \u00e0 disposi\u00e7\u00e3o da Justi\u00e7a.<\/p>\n","protected":false},"excerpt":{"rendered":"<p>Corumb\u00e1\/MS.\u00a0A Pol\u00edcia Federal, por meio da Delegacia de Pol\u00edcia Federal em Corumb\u00e1, realizou, nesta quinta-feira, 2\/1, uma pris\u00e3o em flagrante, em uma a\u00e7\u00e3o coordenada e conduzida integralmente por sua equipe de policiais, que resultou na deten\u00e7\u00e3o de uma mulher de 21 anos, investigada pelo envolvimento com o tr\u00e1fico de drogas na regi\u00e3o. A partir de &hellip;<\/p>\n","protected":false},"author":1,"featured_media":98035,"comment_status":"open","ping_status":"open","sticky":false,"template":"","format":"standard","meta":{"footnotes":""},"categories":[13],"tags":[],"class_list":["post-134274","post","type-post","status-publish","format-standard","has-post-thumbnail","hentry","category-policial"],"_links":{"self":[{"href":"https:\/\/iparaiba.com.br\/index.php\/wp-json\/wp\/v2\/posts\/134274","targetHints":{"allow":["GET"]}}],"collection":[{"href":"https:\/\/iparaiba.com.br\/index.php\/wp-json\/wp\/v2\/posts"}],"about":[{"href":"https:\/\/iparaiba.com.br\/index.php\/wp-json\/wp\/v2\/types\/post"}],"author":[{"embeddable":true,"href":"https:\/\/iparaiba.com.br\/index.php\/wp-json\/wp\/v2\/users\/1"}],"replies":[{"embeddable":true,"href":"https:\/\/iparaiba.com.br\/index.php\/wp-json\/wp\/v2\/comments?post=134274"}],"version-history":[{"count":1,"href":"https:\/\/iparaiba.com.br\/index.php\/wp-json\/wp\/v2\/posts\/134274\/revisions"}],"predecessor-version":[{"id":134293,"href":"https:\/\/iparaiba.com.br\/index.php\/wp-json\/wp\/v2\/posts\/134274\/revisions\/134293"}],"wp:featuredmedia":[{"embeddable":true,"href":"https:\/\/iparaiba.com.br\/index.php\/wp-json\/wp\/v2\/media\/98035"}],"wp:attachment":[{"href":"https:\/\/iparaiba.com.br\/index.php\/wp-json\/wp\/v2\/media?parent=134274"}],"wp:term":[{"taxonomy":"category","embeddable":true,"href":"https:\/\/iparaiba.com.br\/index.php\/wp-json\/wp\/v2\/categories?post=134274"},{"taxonomy":"post_tag","embeddable":true,"href":"https:\/\/iparaiba.com.br\/index.php\/wp-json\/wp\/v2\/tags?post=134274"}],"curies":[{"name":"wp","href":"https:\/\/api.w.org\/{rel}","templated":true}]}}