{"id":134270,"date":"2025-01-05T06:00:41","date_gmt":"2025-01-05T09:00:41","guid":{"rendered":"https:\/\/onordeste.com.br\/?p=134263"},"modified":"2025-01-05T06:00:41","modified_gmt":"2025-01-05T09:00:41","slug":"novo-valor-do-salario-minimo-entra-em-vigor","status":"publish","type":"post","link":"https:\/\/iparaiba.com.br\/index.php\/2025\/01\/05\/novo-valor-do-salario-minimo-entra-em-vigor\/","title":{"rendered":"Novo valor do sal\u00e1rio m\u00ednimo entra em vigor"},"content":{"rendered":"<p>O Brasil tem desde esta quarta-feira (1\u00ba de janeiro) um novo valor de R$ 1.518 para o sal\u00e1rio m\u00ednimo, o que representa aumento de R$ 106 em rela\u00e7\u00e3o a 2024 (R$ 1.412). Segundo o governo federal, o novo valor incorpora a reposi\u00e7\u00e3o de 4,84% da infla\u00e7\u00e3o de 12 meses apurada em novembro do ano passado (\u00cdndice Nacional de Pre\u00e7os ao Consumidor) e mais 2,5% de ganho real.<\/p>\n<p>O reajuste est\u00e1 de acordo com a nova regra aprovada pelo Congresso Nacional que condiciona a atualiza\u00e7\u00e3o do sal\u00e1rio m\u00ednimo aos limites definidos pelo novo arcabou\u00e7o fiscal. Por essa nova norma \u2013 v\u00e1lida entre 2025 e 2030 \u2013 o sal\u00e1rio m\u00ednimo ter\u00e1 ganho real de 0,6% a 2,5%.<\/p>\n<p>Segundo o Departamento Intersindical de Estat\u00edsticas e Estudos Socioecon\u00f4micos (Dieese), pela regra anterior o reajuste deveria ser a reposi\u00e7\u00e3o da infla\u00e7\u00e3o mais 3,2% (varia\u00e7\u00e3o do Produto Interno Bruto em 2023).<\/p>\n<p>O reajuste menor vai afetar a remunera\u00e7\u00e3o de 59 milh\u00f5es pessoas que t\u00eam o rendimento ligado ao valor do sal\u00e1rio m\u00ednimo, como empregados formais, trabalhadores dom\u00e9sticos, empregadores, trabalhadores por conta pr\u00f3pria e benefici\u00e1rios do Instituto Nacional do Seguro Social (INSS).<\/p>\n","protected":false},"excerpt":{"rendered":"<p>O Brasil tem desde esta quarta-feira (1\u00ba de janeiro) um novo valor de R$ 1.518 para o sal\u00e1rio m\u00ednimo, o que representa aumento de R$ 106 em rela\u00e7\u00e3o a 2024 (R$ 1.412). Segundo o governo federal, o novo valor incorpora a reposi\u00e7\u00e3o de 4,84% da infla\u00e7\u00e3o de 12 meses apurada em novembro do ano passado &hellip;<\/p>\n","protected":false},"author":1,"featured_media":97620,"comment_status":"open","ping_status":"open","sticky":false,"template":"","format":"standard","meta":{"footnotes":""},"categories":[16],"tags":[],"class_list":["post-134270","post","type-post","status-publish","format-standard","has-post-thumbnail","hentry","category-economia"],"_links":{"self":[{"href":"https:\/\/iparaiba.com.br\/index.php\/wp-json\/wp\/v2\/posts\/134270","targetHints":{"allow":["GET"]}}],"collection":[{"href":"https:\/\/iparaiba.com.br\/index.php\/wp-json\/wp\/v2\/posts"}],"about":[{"href":"https:\/\/iparaiba.com.br\/index.php\/wp-json\/wp\/v2\/types\/post"}],"author":[{"embeddable":true,"href":"https:\/\/iparaiba.com.br\/index.php\/wp-json\/wp\/v2\/users\/1"}],"replies":[{"embeddable":true,"href":"https:\/\/iparaiba.com.br\/index.php\/wp-json\/wp\/v2\/comments?post=134270"}],"version-history":[{"count":1,"href":"https:\/\/iparaiba.com.br\/index.php\/wp-json\/wp\/v2\/posts\/134270\/revisions"}],"predecessor-version":[{"id":134289,"href":"https:\/\/iparaiba.com.br\/index.php\/wp-json\/wp\/v2\/posts\/134270\/revisions\/134289"}],"wp:featuredmedia":[{"embeddable":true,"href":"https:\/\/iparaiba.com.br\/index.php\/wp-json\/wp\/v2\/media\/97620"}],"wp:attachment":[{"href":"https:\/\/iparaiba.com.br\/index.php\/wp-json\/wp\/v2\/media?parent=134270"}],"wp:term":[{"taxonomy":"category","embeddable":true,"href":"https:\/\/iparaiba.com.br\/index.php\/wp-json\/wp\/v2\/categories?post=134270"},{"taxonomy":"post_tag","embeddable":true,"href":"https:\/\/iparaiba.com.br\/index.php\/wp-json\/wp\/v2\/tags?post=134270"}],"curies":[{"name":"wp","href":"https:\/\/api.w.org\/{rel}","templated":true}]}}