{"id":134268,"date":"2025-01-04T16:09:27","date_gmt":"2025-01-04T19:09:27","guid":{"rendered":"https:\/\/onordeste.com.br\/?p=134259"},"modified":"2025-01-04T16:09:27","modified_gmt":"2025-01-04T19:09:27","slug":"prorrogado-prazo-para-atualizacao-cadastral-do-programa-auxilio-moradia","status":"publish","type":"post","link":"https:\/\/iparaiba.com.br\/index.php\/2025\/01\/04\/prorrogado-prazo-para-atualizacao-cadastral-do-programa-auxilio-moradia\/","title":{"rendered":"Prorrogado prazo para atualiza\u00e7\u00e3o cadastral do programa Aux\u00edlio Moradia"},"content":{"rendered":"<p>A Secretaria de Desenvolvimento Social (Sedes) da Prefeitura de Jo\u00e3o Pessoa estendeu at\u00e9 o dia 17 de janeiro o prazo para que os benefici\u00e1rios do programa Aux\u00edlio Moradia realizem a atualiza\u00e7\u00e3o cadastral obrigat\u00f3ria e continuem a receber o benef\u00edcio.<\/p>\n<p>Nesta primeira etapa, iniciada em dezembro do ano passado, a atualiza\u00e7\u00e3o acontece utilizando o aplicativo \u2018Jo\u00e3o Pessoa na Palma da M\u00e3o\u2019, facilitando o envio da documenta\u00e7\u00e3o necess\u00e1ria, descentralizando o atendimento para que quem recebe o benef\u00edcio n\u00e3o precise sair de sua resid\u00eancia.<\/p>\n<p>\u201cO aplicativo Jo\u00e3o Pessoa na Palma da M\u00e3o \u00e9 uma das formas que encontramos para descentralizar e facilitar a atualiza\u00e7\u00e3o cadastral, uma a\u00e7\u00e3o recorrente e prevista na Lei do benef\u00edcio. Contamos com a participa\u00e7\u00e3o de todos para que tudo ocorra de forma tranquila\u201d, ressaltou a diretora de Inclus\u00e3o Produtiva e Participa\u00e7\u00e3o Popular da Sedes, Yohanna Pimentel.<\/p>\n<p>\u00c9 necess\u00e1rio que sejam enviadas as imagens dos seguintes documentos: CPF, RG (frente e verso) do titular, do c\u00f4njuge e dos filhos ou Certid\u00e3o de Nascimento dos filhos menores, N\u00famero de Identifica\u00e7\u00e3o Social (NIS), dados banc\u00e1rios, certid\u00e3o de estado civil, comprovante de resid\u00eancia atualizado, tr\u00eas \u00faltimos recibos de aluguel, Carteira de Trabalho, telefone para contato e em caso de filhos menores de 18 anos enviar tamb\u00e9m a declara\u00e7\u00e3o escolar dos mesmos.<\/p>\n<p>A partir desta sexta-feira (3) acontece a segunda etapa, quando ser\u00e3o iniciados os atendimentos de quem j\u00e1 enviou os documentos pelo aplicativo e far\u00e1 a assinatura do Termo de Comparecimento em um dos Centros de Refer\u00eancia da Cidadania geridos pela Sedes. Esta fase segue tamb\u00e9m at\u00e9 dia 17 deste m\u00eas.<\/p>\n<p>Na terceira etapa ser\u00e3o realizadas as qualifica\u00e7\u00f5es profissionais para quem escolheu fazer um dos cursos oferecidos gratuitamente para que os beneficiados pelo programa possam conquistar sua independ\u00eancia financeira. Atualmente, o programa atende 1806 fam\u00edlias em situa\u00e7\u00e3o de<br \/>\nvulnerabilidade.<\/p>\n<p>Para d\u00favidas e informa\u00e7\u00f5es, a popula\u00e7\u00e3o pode entrar em contato com o telefone (83) 3213-5354, das 8h \u00e0s 14h.<\/p>\n","protected":false},"excerpt":{"rendered":"<p>A Secretaria de Desenvolvimento Social (Sedes) da Prefeitura de Jo\u00e3o Pessoa estendeu at\u00e9 o dia 17 de janeiro o prazo para que os benefici\u00e1rios do programa Aux\u00edlio Moradia realizem a atualiza\u00e7\u00e3o cadastral obrigat\u00f3ria e continuem a receber o benef\u00edcio. Nesta primeira etapa, iniciada em dezembro do ano passado, a atualiza\u00e7\u00e3o acontece utilizando o aplicativo \u2018Jo\u00e3o &hellip;<\/p>\n","protected":false},"author":1,"featured_media":97486,"comment_status":"open","ping_status":"open","sticky":false,"template":"","format":"standard","meta":{"footnotes":""},"categories":[3],"tags":[],"class_list":["post-134268","post","type-post","status-publish","format-standard","has-post-thumbnail","hentry","category-nordeste"],"_links":{"self":[{"href":"https:\/\/iparaiba.com.br\/index.php\/wp-json\/wp\/v2\/posts\/134268","targetHints":{"allow":["GET"]}}],"collection":[{"href":"https:\/\/iparaiba.com.br\/index.php\/wp-json\/wp\/v2\/posts"}],"about":[{"href":"https:\/\/iparaiba.com.br\/index.php\/wp-json\/wp\/v2\/types\/post"}],"author":[{"embeddable":true,"href":"https:\/\/iparaiba.com.br\/index.php\/wp-json\/wp\/v2\/users\/1"}],"replies":[{"embeddable":true,"href":"https:\/\/iparaiba.com.br\/index.php\/wp-json\/wp\/v2\/comments?post=134268"}],"version-history":[{"count":1,"href":"https:\/\/iparaiba.com.br\/index.php\/wp-json\/wp\/v2\/posts\/134268\/revisions"}],"predecessor-version":[{"id":134287,"href":"https:\/\/iparaiba.com.br\/index.php\/wp-json\/wp\/v2\/posts\/134268\/revisions\/134287"}],"wp:featuredmedia":[{"embeddable":true,"href":"https:\/\/iparaiba.com.br\/index.php\/wp-json\/wp\/v2\/media\/97486"}],"wp:attachment":[{"href":"https:\/\/iparaiba.com.br\/index.php\/wp-json\/wp\/v2\/media?parent=134268"}],"wp:term":[{"taxonomy":"category","embeddable":true,"href":"https:\/\/iparaiba.com.br\/index.php\/wp-json\/wp\/v2\/categories?post=134268"},{"taxonomy":"post_tag","embeddable":true,"href":"https:\/\/iparaiba.com.br\/index.php\/wp-json\/wp\/v2\/tags?post=134268"}],"curies":[{"name":"wp","href":"https:\/\/api.w.org\/{rel}","templated":true}]}}