{"id":134267,"date":"2025-01-04T14:00:34","date_gmt":"2025-01-04T17:00:34","guid":{"rendered":"https:\/\/onordeste.com.br\/?p=134257"},"modified":"2025-01-04T14:00:34","modified_gmt":"2025-01-04T17:00:34","slug":"prazo-para-confirmacao-de-matriculas-em-escolas-da-rede-de-ensino","status":"publish","type":"post","link":"https:\/\/iparaiba.com.br\/index.php\/2025\/01\/04\/prazo-para-confirmacao-de-matriculas-em-escolas-da-rede-de-ensino\/","title":{"rendered":"Prazo para confirma\u00e7\u00e3o de matr\u00edculas em escolas da Rede de Ensino"},"content":{"rendered":"<p>Tem in\u00edcio nesta quinta-feira (2), o prazo para a confirma\u00e7\u00e3o das matr\u00edculas nas escolas da rede estadual de ensino da Para\u00edba. Os estudantes que, entre os dias 1\u00ba e 29 de dezembro, fizeram a pr\u00e9-matr\u00edcula pela internet devem comparecer presencialmente \u00e0s escolas para finalizar o processo de matr\u00edcula at\u00e9 o dia 29 de janeiro.<\/p>\n<p>Os pais ou respons\u00e1veis devem ir \u00e0s institui\u00e7\u00f5es ensino munidos da certid\u00e3o de nascimento ou documento de identidade do estudante, al\u00e9m de comprovante de resid\u00eancia e hist\u00f3rico escolar.<\/p>\n<p>A confirma\u00e7\u00e3o presencial \u00e9 necess\u00e1ria para garantir que o estudante seja matriculado. O ano letivo ter\u00e1 in\u00edcio em fevereiro.<\/p>\n<p>pbAGORA<\/p>\n","protected":false},"excerpt":{"rendered":"<p>Tem in\u00edcio nesta quinta-feira (2), o prazo para a confirma\u00e7\u00e3o das matr\u00edculas nas escolas da rede estadual de ensino da Para\u00edba. Os estudantes que, entre os dias 1\u00ba e 29 de dezembro, fizeram a pr\u00e9-matr\u00edcula pela internet devem comparecer presencialmente \u00e0s escolas para finalizar o processo de matr\u00edcula at\u00e9 o dia 29 de janeiro. Os &hellip;<\/p>\n","protected":false},"author":1,"featured_media":98423,"comment_status":"open","ping_status":"open","sticky":false,"template":"","format":"standard","meta":{"footnotes":""},"categories":[11],"tags":[],"class_list":["post-134267","post","type-post","status-publish","format-standard","has-post-thumbnail","hentry","category-educacao"],"_links":{"self":[{"href":"https:\/\/iparaiba.com.br\/index.php\/wp-json\/wp\/v2\/posts\/134267","targetHints":{"allow":["GET"]}}],"collection":[{"href":"https:\/\/iparaiba.com.br\/index.php\/wp-json\/wp\/v2\/posts"}],"about":[{"href":"https:\/\/iparaiba.com.br\/index.php\/wp-json\/wp\/v2\/types\/post"}],"author":[{"embeddable":true,"href":"https:\/\/iparaiba.com.br\/index.php\/wp-json\/wp\/v2\/users\/1"}],"replies":[{"embeddable":true,"href":"https:\/\/iparaiba.com.br\/index.php\/wp-json\/wp\/v2\/comments?post=134267"}],"version-history":[{"count":1,"href":"https:\/\/iparaiba.com.br\/index.php\/wp-json\/wp\/v2\/posts\/134267\/revisions"}],"predecessor-version":[{"id":134286,"href":"https:\/\/iparaiba.com.br\/index.php\/wp-json\/wp\/v2\/posts\/134267\/revisions\/134286"}],"wp:featuredmedia":[{"embeddable":true,"href":"https:\/\/iparaiba.com.br\/index.php\/wp-json\/wp\/v2\/media\/98423"}],"wp:attachment":[{"href":"https:\/\/iparaiba.com.br\/index.php\/wp-json\/wp\/v2\/media?parent=134267"}],"wp:term":[{"taxonomy":"category","embeddable":true,"href":"https:\/\/iparaiba.com.br\/index.php\/wp-json\/wp\/v2\/categories?post=134267"},{"taxonomy":"post_tag","embeddable":true,"href":"https:\/\/iparaiba.com.br\/index.php\/wp-json\/wp\/v2\/tags?post=134267"}],"curies":[{"name":"wp","href":"https:\/\/api.w.org\/{rel}","templated":true}]}}