{"id":134262,"date":"2025-01-03T18:59:02","date_gmt":"2025-01-03T21:59:02","guid":{"rendered":"https:\/\/onordeste.com.br\/?p=134239"},"modified":"2025-01-03T18:59:02","modified_gmt":"2025-01-03T21:59:02","slug":"romero-diz-que-foco-e-reeleicao-para-a-camara-federal","status":"publish","type":"post","link":"https:\/\/iparaiba.com.br\/index.php\/2025\/01\/03\/romero-diz-que-foco-e-reeleicao-para-a-camara-federal\/","title":{"rendered":"Romero diz que foco \u00e9 reelei\u00e7\u00e3o para a C\u00e2mara Federal"},"content":{"rendered":"<p>O deputado federal, Romero Rodrigues (Podemos), admitiu, nessa quarta-feira (1\u00ba), disputar o Pal\u00e1cio da Reden\u00e7\u00e3o nas elei\u00e7\u00f5es de 2026. Essa foi a primeira vez que o parlamentar comentou o assunto de forma mais clara, ap\u00f3s desistir da disputa em outras oportunidades, como em 2018 e 2022.<\/p>\n<p>A afirma\u00e7\u00e3o de Romero Rodrigues foi veiculada nesta quinta-feira (2) no programa Arapuan Verdade, da R\u00e1dio Arapuan FM.<\/p>\n<p>Romero disse que no momento est\u00e1 focado na reelei\u00e7\u00e3o para a C\u00e2mara Federal, mas n\u00e3o descarta a disputa majorit\u00e1ria de 2026. Em \u00e1udio que circula nos grupos das redes sociais, ele admitiu concorrer ao cargo de governador, caso re\u00fana as condi\u00e7\u00f5es necess\u00e1rias.<\/p>\n<p>Al\u00e9m de Romero, o senador Efraim Filho (Uni\u00e3o Brasil) tamb\u00e9m se coloca como op\u00e7\u00e3o das oposi\u00e7\u00f5es para disputar o Governo do Estado nas pr\u00f3ximas elei\u00e7\u00f5es.<\/p>\n<p>Para\u00edba21.com.br<\/p>\n","protected":false},"excerpt":{"rendered":"<p>O deputado federal, Romero Rodrigues (Podemos), admitiu, nessa quarta-feira (1\u00ba), disputar o Pal\u00e1cio da Reden\u00e7\u00e3o nas elei\u00e7\u00f5es de 2026. Essa foi a primeira vez que o parlamentar comentou o assunto de forma mais clara, ap\u00f3s desistir da disputa em outras oportunidades, como em 2018 e 2022. A afirma\u00e7\u00e3o de Romero Rodrigues foi veiculada nesta quinta-feira &hellip;<\/p>\n","protected":false},"author":1,"featured_media":98544,"comment_status":"open","ping_status":"open","sticky":false,"template":"","format":"standard","meta":{"footnotes":""},"categories":[8],"tags":[],"class_list":["post-134262","post","type-post","status-publish","format-standard","has-post-thumbnail","hentry","category-politica"],"_links":{"self":[{"href":"https:\/\/iparaiba.com.br\/index.php\/wp-json\/wp\/v2\/posts\/134262","targetHints":{"allow":["GET"]}}],"collection":[{"href":"https:\/\/iparaiba.com.br\/index.php\/wp-json\/wp\/v2\/posts"}],"about":[{"href":"https:\/\/iparaiba.com.br\/index.php\/wp-json\/wp\/v2\/types\/post"}],"author":[{"embeddable":true,"href":"https:\/\/iparaiba.com.br\/index.php\/wp-json\/wp\/v2\/users\/1"}],"replies":[{"embeddable":true,"href":"https:\/\/iparaiba.com.br\/index.php\/wp-json\/wp\/v2\/comments?post=134262"}],"version-history":[{"count":1,"href":"https:\/\/iparaiba.com.br\/index.php\/wp-json\/wp\/v2\/posts\/134262\/revisions"}],"predecessor-version":[{"id":134281,"href":"https:\/\/iparaiba.com.br\/index.php\/wp-json\/wp\/v2\/posts\/134262\/revisions\/134281"}],"wp:featuredmedia":[{"embeddable":true,"href":"https:\/\/iparaiba.com.br\/index.php\/wp-json\/wp\/v2\/media\/98544"}],"wp:attachment":[{"href":"https:\/\/iparaiba.com.br\/index.php\/wp-json\/wp\/v2\/media?parent=134262"}],"wp:term":[{"taxonomy":"category","embeddable":true,"href":"https:\/\/iparaiba.com.br\/index.php\/wp-json\/wp\/v2\/categories?post=134262"},{"taxonomy":"post_tag","embeddable":true,"href":"https:\/\/iparaiba.com.br\/index.php\/wp-json\/wp\/v2\/tags?post=134262"}],"curies":[{"name":"wp","href":"https:\/\/api.w.org\/{rel}","templated":true}]}}