{"id":134241,"date":"2024-12-24T10:33:54","date_gmt":"2024-12-24T13:33:54","guid":{"rendered":"https:\/\/onordeste.com.br\/?p=134200"},"modified":"2024-12-24T10:33:54","modified_gmt":"2024-12-24T13:33:54","slug":"amde-e-casa-do-empreendedor-suspendem-atendimentos","status":"publish","type":"post","link":"https:\/\/iparaiba.com.br\/index.php\/2024\/12\/24\/amde-e-casa-do-empreendedor-suspendem-atendimentos\/","title":{"rendered":"Amde e Casa do Empreendedor suspendem atendimentos"},"content":{"rendered":"<p>A Ag\u00eancia Municipal de Desenvolvimento (Amde) informa \u00e0 popula\u00e7\u00e3o que, a partir do dia 24 de dezembro, todos os servi\u00e7os prestados pela Ag\u00eancia e pela Casa do Empreendedor ser\u00e3o suspensos devido ao recesso de fim de ano. Os atendimentos retornam no dia 6 de janeiro de 2025, ap\u00f3s o per\u00edodo de pausa.<\/p>\n<p>A Amde refor\u00e7a a import\u00e2ncia de resolver pend\u00eancias urgentes antes da data limite, garantindo que processos em andamento ou quest\u00f5es pendentes sejam tratados at\u00e9 o dia 23 de dezembro. Aqueles que n\u00e3o conseguirem resolver suas demandas at\u00e9 essa data dever\u00e3o aguardar a reabertura dos servi\u00e7os no in\u00edcio de janeiro, quando os atendimentos ser\u00e3o retomados com normalidade.<\/p>\n<p>A medida busca proporcionar um per\u00edodo de descanso para os servidores, mantendo o compromisso de retomar os atendimentos com a mesma qualidade e efici\u00eancia ap\u00f3s o recesso. A popula\u00e7\u00e3o \u00e9 orientada a se programar e, caso necess\u00e1rio, buscar a resolu\u00e7\u00e3o de qualquer pend\u00eancia antes do encerramento das atividades.<\/p>\n<p>As equipes da Amde e da Casa do Empreendedor estar\u00e3o \u00e0 disposi\u00e7\u00e3o para esclarecer eventuais d\u00favidas e orientar sobre os servi\u00e7os at\u00e9 a v\u00e9spera do recesso.<\/p>\n<p>Codecom<\/p>\n","protected":false},"excerpt":{"rendered":"<p>A Ag\u00eancia Municipal de Desenvolvimento (Amde) informa \u00e0 popula\u00e7\u00e3o que, a partir do dia 24 de dezembro, todos os servi\u00e7os prestados pela Ag\u00eancia e pela Casa do Empreendedor ser\u00e3o suspensos devido ao recesso de fim de ano. Os atendimentos retornam no dia 6 de janeiro de 2025, ap\u00f3s o per\u00edodo de pausa. A Amde refor\u00e7a &hellip;<\/p>\n","protected":false},"author":1,"featured_media":101482,"comment_status":"open","ping_status":"open","sticky":false,"template":"","format":"standard","meta":{"footnotes":""},"categories":[7],"tags":[],"class_list":["post-134241","post","type-post","status-publish","format-standard","has-post-thumbnail","hentry","category-diversas"],"_links":{"self":[{"href":"https:\/\/iparaiba.com.br\/index.php\/wp-json\/wp\/v2\/posts\/134241","targetHints":{"allow":["GET"]}}],"collection":[{"href":"https:\/\/iparaiba.com.br\/index.php\/wp-json\/wp\/v2\/posts"}],"about":[{"href":"https:\/\/iparaiba.com.br\/index.php\/wp-json\/wp\/v2\/types\/post"}],"author":[{"embeddable":true,"href":"https:\/\/iparaiba.com.br\/index.php\/wp-json\/wp\/v2\/users\/1"}],"replies":[{"embeddable":true,"href":"https:\/\/iparaiba.com.br\/index.php\/wp-json\/wp\/v2\/comments?post=134241"}],"version-history":[{"count":0,"href":"https:\/\/iparaiba.com.br\/index.php\/wp-json\/wp\/v2\/posts\/134241\/revisions"}],"wp:featuredmedia":[{"embeddable":true,"href":"https:\/\/iparaiba.com.br\/index.php\/wp-json\/wp\/v2\/media\/101482"}],"wp:attachment":[{"href":"https:\/\/iparaiba.com.br\/index.php\/wp-json\/wp\/v2\/media?parent=134241"}],"wp:term":[{"taxonomy":"category","embeddable":true,"href":"https:\/\/iparaiba.com.br\/index.php\/wp-json\/wp\/v2\/categories?post=134241"},{"taxonomy":"post_tag","embeddable":true,"href":"https:\/\/iparaiba.com.br\/index.php\/wp-json\/wp\/v2\/tags?post=134241"}],"curies":[{"name":"wp","href":"https:\/\/api.w.org\/{rel}","templated":true}]}}