{"id":134239,"date":"2024-12-24T10:30:57","date_gmt":"2024-12-24T13:30:57","guid":{"rendered":"https:\/\/onordeste.com.br\/?p=134196"},"modified":"2024-12-24T10:30:57","modified_gmt":"2024-12-24T13:30:57","slug":"sttp-divulga-operacao-da-frota-de-transporte-coletivo-para-o-natal-e-reveillon","status":"publish","type":"post","link":"https:\/\/iparaiba.com.br\/index.php\/2024\/12\/24\/sttp-divulga-operacao-da-frota-de-transporte-coletivo-para-o-natal-e-reveillon\/","title":{"rendered":"STTP divulga opera\u00e7\u00e3o da frota de transporte coletivo para o Natal e R\u00e9veillon"},"content":{"rendered":"<p>A Prefeitura de Campina Grande, por meio da Superintend\u00eancia de Tr\u00e2nsito e Transportes P\u00fablicos (STTP) definiu como ser\u00e1 a opera\u00e7\u00e3o da frota do transporte p\u00fablico nos dias 24, 25, 31 de dezembro e 1\u00ba de janeiro. De acordo com a STTP, a opera\u00e7\u00e3o ocorrer\u00e1 de acordo com o que est\u00e1 determinado, em per\u00edodos anteriores, a respeito do funcionamento das linhas nos fins de semana.<\/p>\n<p>Na v\u00e9spera do Natal e do Ano Novo a escala ser\u00e1 normal, com hor\u00e1rios das 5 \u00e0s 22h30, saindo do Terminal de Integra\u00e7\u00e3o de Passageiros, inclusive a linha 092. J\u00e1 nos dias de Natal e Ano Novo (25 e\u00a01\u00ba de janeiro) ser\u00e1\u00a0a escala de feriado, com a opera\u00e7\u00e3o das 6 \u00e0s 22h, saindo da Integra\u00e7\u00e3o.<\/p>\n<p>A linha 245, do Partage Shopping, ter\u00e1 opera\u00e7\u00e3o at\u00e9 meia hora ap\u00f3s o encerramento de funcionamento do Shopping Partage.<\/p>\n<p>Todos os hor\u00e1rios do transporte p\u00fablico podem ser acompanhados, em tempo real, no aplicativo MobiCG, dispon\u00edvel para sistemas IOS e Android.<\/p>\n<p>Para mais informa\u00e7\u00f5es, sugest\u00f5es ou reclama\u00e7\u00f5es, o usu\u00e1rio pode entrar em contato com a STTP, pelo telefone 3341-1517, tanto por liga\u00e7\u00e3o como por mensagem via WhatsApp Mobilidade.<\/p>\n<p>Codecom<\/p>\n","protected":false},"excerpt":{"rendered":"<p>A Prefeitura de Campina Grande, por meio da Superintend\u00eancia de Tr\u00e2nsito e Transportes P\u00fablicos (STTP) definiu como ser\u00e1 a opera\u00e7\u00e3o da frota do transporte p\u00fablico nos dias 24, 25, 31 de dezembro e 1\u00ba de janeiro. De acordo com a STTP, a opera\u00e7\u00e3o ocorrer\u00e1 de acordo com o que est\u00e1 determinado, em per\u00edodos anteriores, a &hellip;<\/p>\n","protected":false},"author":1,"featured_media":105099,"comment_status":"open","ping_status":"open","sticky":false,"template":"","format":"standard","meta":{"footnotes":""},"categories":[6],"tags":[],"class_list":["post-134239","post","type-post","status-publish","format-standard","has-post-thumbnail","hentry","category-destaques"],"_links":{"self":[{"href":"https:\/\/iparaiba.com.br\/index.php\/wp-json\/wp\/v2\/posts\/134239","targetHints":{"allow":["GET"]}}],"collection":[{"href":"https:\/\/iparaiba.com.br\/index.php\/wp-json\/wp\/v2\/posts"}],"about":[{"href":"https:\/\/iparaiba.com.br\/index.php\/wp-json\/wp\/v2\/types\/post"}],"author":[{"embeddable":true,"href":"https:\/\/iparaiba.com.br\/index.php\/wp-json\/wp\/v2\/users\/1"}],"replies":[{"embeddable":true,"href":"https:\/\/iparaiba.com.br\/index.php\/wp-json\/wp\/v2\/comments?post=134239"}],"version-history":[{"count":0,"href":"https:\/\/iparaiba.com.br\/index.php\/wp-json\/wp\/v2\/posts\/134239\/revisions"}],"wp:featuredmedia":[{"embeddable":true,"href":"https:\/\/iparaiba.com.br\/index.php\/wp-json\/wp\/v2\/media\/105099"}],"wp:attachment":[{"href":"https:\/\/iparaiba.com.br\/index.php\/wp-json\/wp\/v2\/media?parent=134239"}],"wp:term":[{"taxonomy":"category","embeddable":true,"href":"https:\/\/iparaiba.com.br\/index.php\/wp-json\/wp\/v2\/categories?post=134239"},{"taxonomy":"post_tag","embeddable":true,"href":"https:\/\/iparaiba.com.br\/index.php\/wp-json\/wp\/v2\/tags?post=134239"}],"curies":[{"name":"wp","href":"https:\/\/api.w.org\/{rel}","templated":true}]}}