{"id":134238,"date":"2024-12-24T10:30:05","date_gmt":"2024-12-24T13:30:05","guid":{"rendered":"https:\/\/onordeste.com.br\/?p=134194"},"modified":"2024-12-24T10:30:05","modified_gmt":"2024-12-24T13:30:05","slug":"coleta-domiciliar-de-residuos-solidos-sera-suspensa","status":"publish","type":"post","link":"https:\/\/iparaiba.com.br\/index.php\/2024\/12\/24\/coleta-domiciliar-de-residuos-solidos-sera-suspensa\/","title":{"rendered":"Coleta domiciliar de res\u00edduos s\u00f3lidos ser\u00e1 suspensa"},"content":{"rendered":"<p>A Prefeitura de Campina Grande, por meio da Secretaria Municipal de Servi\u00e7os Urbanos e Meio Ambiente (Sesuma) informa \u00e0 comunidade que nesta quarta-feira, 25 de dezembro, Dia de Natal, e tamb\u00e9m no dia 1\u00ba de janeiro de 2025, n\u00e3o haver\u00e1 a coleta domiciliar de res\u00edduos s\u00f3lidos.<\/p>\n<p>No primeiro dia do ano a empresa terceirizada, que realiza o servi\u00e7o, dispensar\u00e1 todos os funcion\u00e1rios para a confraterniza\u00e7\u00e3o universal.\u00a0 Nas comunidades onde as coletadas s\u00e3o realizadas \u00e0s segundas, quartas e sextas-feiras, os trabalhos s\u00f3 retornar\u00e3o ao normal nas quintas-feiras, dias 26 de dezembro e 02 de janeiro.<\/p>\n<p>O secret\u00e1rio municipal de Servi\u00e7os Urbanos e Meio Ambiente, deputado sargento Neto, informa que a coleta regular ser\u00e1 retomada no dia 26 de dezembro e \u00a0no segundo dia de 2025 nos bairros atendidos \u00e0s ter\u00e7as, quintas e s\u00e1bados. Ele ressalta que, durante todo o ano, esse recesso e a suspens\u00e3o da coleta\u00a0acontece em apenas tr\u00eas dias: na Sexta-feira Santa, no dia 25 de dezembro, Dia de Natal e no dia 1\u00ba de Janeiro.<\/p>\n<p>\u201c\u00c9 importante que a popula\u00e7\u00e3o n\u00e3o coloque lixo nas cal\u00e7adas ou em terrenos baldios. E que, nestes dias, acondicione os res\u00edduos em sacos e s\u00f3 coloque para a coleta na quinta-feira, evitando transtornos\u201d, declarou o secret\u00e1rio.<\/p>\n<p>Por conta das festividades do Natal Iluminado e\u00a0na noite de R\u00e9veillon,\u00a0equipes est\u00e3o trabalhando nos tr\u00eas turnos, como ocorre durante as festividades d\u2019O Maior S\u00e3o Jo\u00e3o do Mundo, para que todo espa\u00e7o reservado aos eventos permane\u00e7am limpos durante o dia e \u00e0 noite.<\/p>\n<p>No A\u00e7ude Velho, no Parque Evaldo Cruz e no Parque do Povo, onde as festividades se concentram, foram instaladas papeleiras, tambores e container de lixo para que os visitantes e comerciantes evitem o descarte ilegal dos res\u00edduos.<\/p>\n<p>O Departamento de Limpeza (DLUR) da Sesuma manter\u00e1 os plant\u00f5es de varri\u00e7\u00e3o, limpeza de terrenos baldios, canais, galerias \u00a0e lixos de pontos com seus pr\u00f3prios funcion\u00e1rios.<\/p>\n<p>Codecom<\/p>\n","protected":false},"excerpt":{"rendered":"<p>A Prefeitura de Campina Grande, por meio da Secretaria Municipal de Servi\u00e7os Urbanos e Meio Ambiente (Sesuma) informa \u00e0 comunidade que nesta quarta-feira, 25 de dezembro, Dia de Natal, e tamb\u00e9m no dia 1\u00ba de janeiro de 2025, n\u00e3o haver\u00e1 a coleta domiciliar de res\u00edduos s\u00f3lidos. No primeiro dia do ano a empresa terceirizada, que &hellip;<\/p>\n","protected":false},"author":1,"featured_media":107531,"comment_status":"open","ping_status":"open","sticky":false,"template":"","format":"standard","meta":{"footnotes":""},"categories":[15],"tags":[],"class_list":["post-134238","post","type-post","status-publish","format-standard","has-post-thumbnail","hentry","category-links"],"_links":{"self":[{"href":"https:\/\/iparaiba.com.br\/index.php\/wp-json\/wp\/v2\/posts\/134238","targetHints":{"allow":["GET"]}}],"collection":[{"href":"https:\/\/iparaiba.com.br\/index.php\/wp-json\/wp\/v2\/posts"}],"about":[{"href":"https:\/\/iparaiba.com.br\/index.php\/wp-json\/wp\/v2\/types\/post"}],"author":[{"embeddable":true,"href":"https:\/\/iparaiba.com.br\/index.php\/wp-json\/wp\/v2\/users\/1"}],"replies":[{"embeddable":true,"href":"https:\/\/iparaiba.com.br\/index.php\/wp-json\/wp\/v2\/comments?post=134238"}],"version-history":[{"count":0,"href":"https:\/\/iparaiba.com.br\/index.php\/wp-json\/wp\/v2\/posts\/134238\/revisions"}],"wp:featuredmedia":[{"embeddable":true,"href":"https:\/\/iparaiba.com.br\/index.php\/wp-json\/wp\/v2\/media\/107531"}],"wp:attachment":[{"href":"https:\/\/iparaiba.com.br\/index.php\/wp-json\/wp\/v2\/media?parent=134238"}],"wp:term":[{"taxonomy":"category","embeddable":true,"href":"https:\/\/iparaiba.com.br\/index.php\/wp-json\/wp\/v2\/categories?post=134238"},{"taxonomy":"post_tag","embeddable":true,"href":"https:\/\/iparaiba.com.br\/index.php\/wp-json\/wp\/v2\/tags?post=134238"}],"curies":[{"name":"wp","href":"https:\/\/api.w.org\/{rel}","templated":true}]}}