{"id":134237,"date":"2024-12-24T10:28:31","date_gmt":"2024-12-24T13:28:31","guid":{"rendered":"https:\/\/onordeste.com.br\/?p=134192"},"modified":"2024-12-24T10:28:31","modified_gmt":"2024-12-24T13:28:31","slug":"secretario-espera-que-plano-diretor-seja-aprovado","status":"publish","type":"post","link":"https:\/\/iparaiba.com.br\/index.php\/2024\/12\/24\/secretario-espera-que-plano-diretor-seja-aprovado\/","title":{"rendered":"Secret\u00e1rio espera que Plano Diretor seja aprovado"},"content":{"rendered":"<p>A vota\u00e7\u00e3o do Projeto de Lei Complementar 011\/2024, que trata do Plano Diretor de Campina Grande, foi retirada da pauta da Sess\u00e3o Extraordin\u00e1ria prevista para esta segunda-feira (23). O presidente da C\u00e2mara Municipal, Marinaldo Cardoso, convocou novas sess\u00f5es extraordin\u00e1rias para os dias 26 e 27 de dezembro, quando o Plano Diretor e o C\u00f3digo Tribut\u00e1rio ser\u00e3o apreciados e votados.<\/p>\n<p>Mesmo diante do adiamento, o secret\u00e1rio municipal de Planejamento, Felix Ara\u00fajo Neto, demonstrou otimismo e refor\u00e7ou a import\u00e2ncia da aprova\u00e7\u00e3o do Plano Diretor ainda em 2024.<\/p>\n<p>\u201cEstamos esperan\u00e7osos. A parte do Executivo n\u00f3s fizemos e entregamos \u00e0 C\u00e2mara de Vereadores desde agosto. Estamos aguardando com muita confian\u00e7a. Evidentemente, no processo de discuss\u00e3o, \u00e9 natural ouvir os diversos setores e suas quest\u00f5es pontuais, mas h\u00e1 uma necessidade maior: Campina Grande precisa de um Plano Diretor. Respeitamos o trabalho dos vereadores e parabenizamos pelo ambiente de di\u00e1logo e fraternidade que foi estabelecido hoje. Continuamos com a esperan\u00e7a de que, nas pr\u00f3ximas sess\u00f5es, o Plano seja aprovado, porque \u00e9 um documento essencial para o futuro da cidade\u201d, destacou Felix.<\/p>\n<p>Ainda na tarde desta segunda-feira (23), a convite do secret\u00e1rio Felix Neto, representantes do Sindicato da Ind\u00fastria da Constru\u00e7\u00e3o Civil (Sinduscon) participaram de uma reuni\u00e3o com o Comit\u00ea Gestor do Plano Diretor na Secretaria de Planejamento. Durante o encontro foram debatidos os pontos levantados em discuss\u00e3o na C\u00e2mara Municipal, visando encontrar ajustes ou solu\u00e7\u00f5es que contemplem os interesses do setor, sem comprometer os objetivos do Plano Diretor.<\/p>\n<p>Felix destacou, que tudo que est\u00e1 no Plano Diretor foi amplamente discutido em audi\u00eancias p\u00fablicas e oficinas realizadas pela Prefeitura de Campina Grande, ao longo do processo de revis\u00e3o. No entanto, ele reconheceu que os vereadores t\u00eam legitimidade para promover ajustes pontuais.<\/p>\n","protected":false},"excerpt":{"rendered":"<p>A vota\u00e7\u00e3o do Projeto de Lei Complementar 011\/2024, que trata do Plano Diretor de Campina Grande, foi retirada da pauta da Sess\u00e3o Extraordin\u00e1ria prevista para esta segunda-feira (23). O presidente da C\u00e2mara Municipal, Marinaldo Cardoso, convocou novas sess\u00f5es extraordin\u00e1rias para os dias 26 e 27 de dezembro, quando o Plano Diretor e o C\u00f3digo Tribut\u00e1rio &hellip;<\/p>\n","protected":false},"author":1,"featured_media":103976,"comment_status":"open","ping_status":"open","sticky":false,"template":"","format":"standard","meta":{"footnotes":""},"categories":[7],"tags":[],"class_list":["post-134237","post","type-post","status-publish","format-standard","has-post-thumbnail","hentry","category-diversas"],"_links":{"self":[{"href":"https:\/\/iparaiba.com.br\/index.php\/wp-json\/wp\/v2\/posts\/134237","targetHints":{"allow":["GET"]}}],"collection":[{"href":"https:\/\/iparaiba.com.br\/index.php\/wp-json\/wp\/v2\/posts"}],"about":[{"href":"https:\/\/iparaiba.com.br\/index.php\/wp-json\/wp\/v2\/types\/post"}],"author":[{"embeddable":true,"href":"https:\/\/iparaiba.com.br\/index.php\/wp-json\/wp\/v2\/users\/1"}],"replies":[{"embeddable":true,"href":"https:\/\/iparaiba.com.br\/index.php\/wp-json\/wp\/v2\/comments?post=134237"}],"version-history":[{"count":0,"href":"https:\/\/iparaiba.com.br\/index.php\/wp-json\/wp\/v2\/posts\/134237\/revisions"}],"wp:featuredmedia":[{"embeddable":true,"href":"https:\/\/iparaiba.com.br\/index.php\/wp-json\/wp\/v2\/media\/103976"}],"wp:attachment":[{"href":"https:\/\/iparaiba.com.br\/index.php\/wp-json\/wp\/v2\/media?parent=134237"}],"wp:term":[{"taxonomy":"category","embeddable":true,"href":"https:\/\/iparaiba.com.br\/index.php\/wp-json\/wp\/v2\/categories?post=134237"},{"taxonomy":"post_tag","embeddable":true,"href":"https:\/\/iparaiba.com.br\/index.php\/wp-json\/wp\/v2\/tags?post=134237"}],"curies":[{"name":"wp","href":"https:\/\/api.w.org\/{rel}","templated":true}]}}