{"id":134234,"date":"2024-12-26T16:00:38","date_gmt":"2024-12-26T19:00:38","guid":{"rendered":"https:\/\/onordeste.com.br\/?p=134234"},"modified":"2024-12-26T16:00:38","modified_gmt":"2024-12-26T19:00:38","slug":"policia-militar-apreende-drogas-com-adolescente","status":"publish","type":"post","link":"https:\/\/iparaiba.com.br\/index.php\/2024\/12\/26\/policia-militar-apreende-drogas-com-adolescente\/","title":{"rendered":"Pol\u00edcia Militar apreende drogas com adolescente"},"content":{"rendered":"<p>A Pol\u00edcia Militar apreendeu um 98 por\u00e7\u00f5es de coca\u00edna durante a\u00e7\u00e3o de combate ao tr\u00e1fico de drogas na comunidade do Balc\u00e3o, no bairro de Mangabeira, zona sul de Jo\u00e3o Pessoa. Um adolescente foi apreendido em flagrante no local.<\/p>\n<p>Ele foi abordado por uma guarni\u00e7\u00e3o da For\u00e7a T\u00e1tica do 5\u00ba Batalh\u00e3o e flagrado com por\u00e7\u00f5es de coca\u00edna dentro da cueca. O jovem chegou a desacatar os policiais. Nas buscas feitas no local onde ele estava, foi encontrada a outra parte das drogas.<\/p>\n<p>O suspeito foi levado para a Cidade da Pol\u00edcia Civil, no Geisel, acompanhado pela sua respons\u00e1vel.<\/p>\n","protected":false},"excerpt":{"rendered":"<p>A Pol\u00edcia Militar apreendeu um 98 por\u00e7\u00f5es de coca\u00edna durante a\u00e7\u00e3o de combate ao tr\u00e1fico de drogas na comunidade do Balc\u00e3o, no bairro de Mangabeira, zona sul de Jo\u00e3o Pessoa. Um adolescente foi apreendido em flagrante no local. Ele foi abordado por uma guarni\u00e7\u00e3o da For\u00e7a T\u00e1tica do 5\u00ba Batalh\u00e3o e flagrado com por\u00e7\u00f5es de &hellip;<\/p>\n","protected":false},"author":1,"featured_media":119151,"comment_status":"open","ping_status":"open","sticky":false,"template":"","format":"standard","meta":{"footnotes":""},"categories":[6],"tags":[],"class_list":["post-134234","post","type-post","status-publish","format-standard","has-post-thumbnail","hentry","category-destaques"],"_links":{"self":[{"href":"https:\/\/iparaiba.com.br\/index.php\/wp-json\/wp\/v2\/posts\/134234","targetHints":{"allow":["GET"]}}],"collection":[{"href":"https:\/\/iparaiba.com.br\/index.php\/wp-json\/wp\/v2\/posts"}],"about":[{"href":"https:\/\/iparaiba.com.br\/index.php\/wp-json\/wp\/v2\/types\/post"}],"author":[{"embeddable":true,"href":"https:\/\/iparaiba.com.br\/index.php\/wp-json\/wp\/v2\/users\/1"}],"replies":[{"embeddable":true,"href":"https:\/\/iparaiba.com.br\/index.php\/wp-json\/wp\/v2\/comments?post=134234"}],"version-history":[{"count":1,"href":"https:\/\/iparaiba.com.br\/index.php\/wp-json\/wp\/v2\/posts\/134234\/revisions"}],"predecessor-version":[{"id":134258,"href":"https:\/\/iparaiba.com.br\/index.php\/wp-json\/wp\/v2\/posts\/134234\/revisions\/134258"}],"wp:featuredmedia":[{"embeddable":true,"href":"https:\/\/iparaiba.com.br\/index.php\/wp-json\/wp\/v2\/media\/119151"}],"wp:attachment":[{"href":"https:\/\/iparaiba.com.br\/index.php\/wp-json\/wp\/v2\/media?parent=134234"}],"wp:term":[{"taxonomy":"category","embeddable":true,"href":"https:\/\/iparaiba.com.br\/index.php\/wp-json\/wp\/v2\/categories?post=134234"},{"taxonomy":"post_tag","embeddable":true,"href":"https:\/\/iparaiba.com.br\/index.php\/wp-json\/wp\/v2\/tags?post=134234"}],"curies":[{"name":"wp","href":"https:\/\/api.w.org\/{rel}","templated":true}]}}