{"id":134232,"date":"2024-12-26T14:00:57","date_gmt":"2024-12-26T17:00:57","guid":{"rendered":"https:\/\/onordeste.com.br\/?p=134232"},"modified":"2024-12-26T14:00:57","modified_gmt":"2024-12-26T17:00:57","slug":"projeto-social-da-policia-militar-selecionado-para-conferencia-mundial-nos-eua","status":"publish","type":"post","link":"https:\/\/iparaiba.com.br\/index.php\/2024\/12\/26\/projeto-social-da-policia-militar-selecionado-para-conferencia-mundial-nos-eua\/","title":{"rendered":"Projeto social da Pol\u00edcia Militar selecionado para confer\u00eancia mundial nos EUA"},"content":{"rendered":"<p>A Pol\u00edcia Militar da Para\u00edba foi selecionada para representar o Brasil na Confer\u00eancia Anual da International Communication Association, que acontecer\u00e1 em junho do ano que vem, no Estado da Calif\u00f3rnia, no Estados Unidos. A corpora\u00e7\u00e3o paraibana apresentar\u00e1 o projeto COMVIDA, que levou para uma comunidade do Varadouro, em Jo\u00e3o Pessoa, boas pr\u00e1ticas de preven\u00e7\u00e3o criminal atrav\u00e9s de design ambiental.<\/p>\n<p>O projeto, realizado entre a Coordenadoria de Integra\u00e7\u00e3o Comunit\u00e1ria e Direitos Humanos e o 1\u00ba Batalh\u00e3o, foi respons\u00e1vel por transformar o cen\u00e1rio da comunidade Recome\u00e7ar, na rua Duarte Lima, que foi totalmente revitalizada com a\u00e7\u00f5es que fortaleceram a mobiliza\u00e7\u00e3o e protagonismo comunit\u00e1rio. As fachadas das casas foram revitalizadas, a limpeza foi feita, a ilumina\u00e7\u00e3o recebeu melhorias e a comunidade teve uma s\u00e9rie de a\u00e7\u00f5es feitas em benef\u00edcio da popula\u00e7\u00e3o.<\/p>\n<p>A pr\u00e1tica teve um impacto direto na seguran\u00e7a, contribuindo com o fortalecimento das a\u00e7\u00f5es preventivas, j\u00e1 que o local antes recebia o nome pejorativo de \u201ccracol\u00e2ndia\u201d (termo usado para locais onde \u00e9 constante a presen\u00e7a de usu\u00e1rios de drogas). Agora a realidade \u00e9 outra.<\/p>\n<p>Esse e outros projetos sociais que impactaram diretamente a seguran\u00e7a p\u00fablica est\u00e3o sendo apresentados, nesta ter\u00e7a-feira (17), no Litotal Hotel, na avenida Cabo Branco, 2172. O II Encontro Estadual de Integra\u00e7\u00e3o Comunit\u00e1ria re\u00fane especialistas e gestores da seguran\u00e7a p\u00fablica, para debaterem projetos que ajudam a reduzirem os crimes e fortalecerem o exerc\u00edcio da cidadania.<\/p>\n","protected":false},"excerpt":{"rendered":"<p>A Pol\u00edcia Militar da Para\u00edba foi selecionada para representar o Brasil na Confer\u00eancia Anual da International Communication Association, que acontecer\u00e1 em junho do ano que vem, no Estado da Calif\u00f3rnia, no Estados Unidos. A corpora\u00e7\u00e3o paraibana apresentar\u00e1 o projeto COMVIDA, que levou para uma comunidade do Varadouro, em Jo\u00e3o Pessoa, boas pr\u00e1ticas de preven\u00e7\u00e3o criminal &hellip;<\/p>\n","protected":false},"author":1,"featured_media":123283,"comment_status":"open","ping_status":"open","sticky":false,"template":"","format":"standard","meta":{"footnotes":""},"categories":[13],"tags":[],"class_list":["post-134232","post","type-post","status-publish","format-standard","has-post-thumbnail","hentry","category-policial"],"_links":{"self":[{"href":"https:\/\/iparaiba.com.br\/index.php\/wp-json\/wp\/v2\/posts\/134232","targetHints":{"allow":["GET"]}}],"collection":[{"href":"https:\/\/iparaiba.com.br\/index.php\/wp-json\/wp\/v2\/posts"}],"about":[{"href":"https:\/\/iparaiba.com.br\/index.php\/wp-json\/wp\/v2\/types\/post"}],"author":[{"embeddable":true,"href":"https:\/\/iparaiba.com.br\/index.php\/wp-json\/wp\/v2\/users\/1"}],"replies":[{"embeddable":true,"href":"https:\/\/iparaiba.com.br\/index.php\/wp-json\/wp\/v2\/comments?post=134232"}],"version-history":[{"count":1,"href":"https:\/\/iparaiba.com.br\/index.php\/wp-json\/wp\/v2\/posts\/134232\/revisions"}],"predecessor-version":[{"id":134257,"href":"https:\/\/iparaiba.com.br\/index.php\/wp-json\/wp\/v2\/posts\/134232\/revisions\/134257"}],"wp:featuredmedia":[{"embeddable":true,"href":"https:\/\/iparaiba.com.br\/index.php\/wp-json\/wp\/v2\/media\/123283"}],"wp:attachment":[{"href":"https:\/\/iparaiba.com.br\/index.php\/wp-json\/wp\/v2\/media?parent=134232"}],"wp:term":[{"taxonomy":"category","embeddable":true,"href":"https:\/\/iparaiba.com.br\/index.php\/wp-json\/wp\/v2\/categories?post=134232"},{"taxonomy":"post_tag","embeddable":true,"href":"https:\/\/iparaiba.com.br\/index.php\/wp-json\/wp\/v2\/tags?post=134232"}],"curies":[{"name":"wp","href":"https:\/\/api.w.org\/{rel}","templated":true}]}}