{"id":134230,"date":"2024-12-26T10:16:58","date_gmt":"2024-12-26T13:16:58","guid":{"rendered":"https:\/\/onordeste.com.br\/?p=134227"},"modified":"2024-12-26T10:16:58","modified_gmt":"2024-12-26T13:16:58","slug":"prazo-final-de-requerer-isencao-do-ipva-para-2025","status":"publish","type":"post","link":"https:\/\/iparaiba.com.br\/index.php\/2024\/12\/26\/prazo-final-de-requerer-isencao-do-ipva-para-2025\/","title":{"rendered":"Prazo final de requerer isen\u00e7\u00e3o do IPVA para 2025"},"content":{"rendered":"<p>Os propriet\u00e1rios de ve\u00edculos que t\u00eam direito \u00e0 isen\u00e7\u00e3o do IPVA (Imposto sobre Propriedade Veicular e Automotores), mas ainda n\u00e3o requereram o benef\u00edcio para 2025, dever\u00e3o solicitar junto \u00e0 Secretaria de Estado da Fazenda at\u00e9 o pr\u00f3ximo dia 31 de dezembro.<\/p>\n<p>Como o \u00faltimo dia do ano \u00e9 ponto facultativo e n\u00e3o haver\u00e1 expediente nas reparti\u00e7\u00f5es p\u00fablicas do Estado, o requerimento da isen\u00e7\u00e3o no dia 31 de dezembro deve ser feito somente por e-mail. Contudo, at\u00e9 o dia 30 dezembro o requerimento poder\u00e1 ser protocolado e entregue, pessoalmente, em uma das 20 reparti\u00e7\u00f5es fiscais do Estado ou tamb\u00e9m na op\u00e7\u00e3o por e-mail.<\/p>\n<p>Com base no decreto 40.959\/2020 da Portaria n\u00b0 176\/2020, a isen\u00e7\u00e3o se aplica \u00e0s categorias como portadores de defici\u00eancia f\u00edsica, visual, mental ou autista; taxistas e de ve\u00edculos cadastrados no Minist\u00e9rio do Turismo na qualidade de transporte tur\u00edstico.<\/p>\n<p><b>OP\u00c7\u00c3O VIA E-MAIL \u2013<\/b>\u00a0De forma mais pr\u00e1tica e acess\u00edvel, o requerimento pode ser solicitado via e-mail at\u00e9 o dia 31 de dezembro. Para tanto, basta enviar os documentos solicitados, em formato de PDF, para o e-mail:\u00a0<a href=\"mailto:gerencia.itcd.ipva@sefaz.pb.gov.br.\">gerencia.itcd.ipva@sefaz.pb.gov.br.<\/a>\u00a0Os documentos em PDF s\u00e3o: carteira de habilita\u00e7\u00e3o (CNH); CRLV (documento do carro); comprovante de resid\u00eancia; e laudo m\u00e9dico ou a autoriza\u00e7\u00e3o de compra do ICMS. Esses documentos est\u00e3o listados na p\u00e1gina da Sefaz-PB no link IPVA em Documentos Necess\u00e1rios para isen\u00e7\u00e3o\u00a0<a href=\"https:\/\/www.sefaz.pb.gov.br\/cidadao\/ipva#documenta%C3%A7%C3%A3o-necess%C3%A1ria\">https:\/\/www.sefaz.pb.gov.br\/cidadao\/ipva#documenta%C3%A7%C3%A3o-necess%C3%A1ria<\/a><\/p>\n<p><b>OP\u00c7\u00c3O PRESENCIAL \u2013<\/b>\u00a0Para quem optar em protocolar, pessoalmente, a isen\u00e7\u00e3o do IPVA 2025, o requerimento com c\u00f3pia dos documentos pr\u00e9vios deve ser entregue nas reparti\u00e7\u00f5es fiscais do Estado at\u00e9 o dia 30 de dezembro em um dos cinco Centros de Atendimento ao Cidad\u00e3o (CAC) localizados nas cidades de Jo\u00e3o Pessoa, Guarabira, Campina Grande, Patos e Sousa ou em uma das 15 Unidades de Atendimento ao Cidad\u00e3o (UACs) da Sefaz-PB.<\/p>\n<p><b>ENDERE\u00c7O DAS REPARTI\u00c7\u00d5ES FISCAIS \u2013<\/b>\u00a0Vejam as cidades e o endere\u00e7o dos cinco centros de atendimento ao cidad\u00e3o da Sefaz-PB no link\u00a0<a href=\"https:\/\/www.sefaz.pb.gov.br\/instituciona\/centro-atendimento-cidadao\">https:\/\/www.sefaz.pb.gov.br\/instituciona\/centro-atendimento-cidadao<\/a>\u00a0e tamb\u00e9m das 15 unidades de atendimento da Sefaz-PB no link\u00a0\u00a0<a href=\"https:\/\/www.sefaz.pb.gov.br\/instituciona\/unidade-atendimento-cidadao\">https:\/\/www.sefaz.pb.gov.br\/instituciona\/unidade-atendimento-cidadao<\/a><\/p>\n","protected":false},"excerpt":{"rendered":"<p>Os propriet\u00e1rios de ve\u00edculos que t\u00eam direito \u00e0 isen\u00e7\u00e3o do IPVA (Imposto sobre Propriedade Veicular e Automotores), mas ainda n\u00e3o requereram o benef\u00edcio para 2025, dever\u00e3o solicitar junto \u00e0 Secretaria de Estado da Fazenda at\u00e9 o pr\u00f3ximo dia 31 de dezembro. Como o \u00faltimo dia do ano \u00e9 ponto facultativo e n\u00e3o haver\u00e1 expediente nas &hellip;<\/p>\n","protected":false},"author":1,"featured_media":123152,"comment_status":"open","ping_status":"open","sticky":false,"template":"","format":"standard","meta":{"footnotes":""},"categories":[6],"tags":[],"class_list":["post-134230","post","type-post","status-publish","format-standard","has-post-thumbnail","hentry","category-destaques"],"_links":{"self":[{"href":"https:\/\/iparaiba.com.br\/index.php\/wp-json\/wp\/v2\/posts\/134230","targetHints":{"allow":["GET"]}}],"collection":[{"href":"https:\/\/iparaiba.com.br\/index.php\/wp-json\/wp\/v2\/posts"}],"about":[{"href":"https:\/\/iparaiba.com.br\/index.php\/wp-json\/wp\/v2\/types\/post"}],"author":[{"embeddable":true,"href":"https:\/\/iparaiba.com.br\/index.php\/wp-json\/wp\/v2\/users\/1"}],"replies":[{"embeddable":true,"href":"https:\/\/iparaiba.com.br\/index.php\/wp-json\/wp\/v2\/comments?post=134230"}],"version-history":[{"count":1,"href":"https:\/\/iparaiba.com.br\/index.php\/wp-json\/wp\/v2\/posts\/134230\/revisions"}],"predecessor-version":[{"id":134255,"href":"https:\/\/iparaiba.com.br\/index.php\/wp-json\/wp\/v2\/posts\/134230\/revisions\/134255"}],"wp:featuredmedia":[{"embeddable":true,"href":"https:\/\/iparaiba.com.br\/index.php\/wp-json\/wp\/v2\/media\/123152"}],"wp:attachment":[{"href":"https:\/\/iparaiba.com.br\/index.php\/wp-json\/wp\/v2\/media?parent=134230"}],"wp:term":[{"taxonomy":"category","embeddable":true,"href":"https:\/\/iparaiba.com.br\/index.php\/wp-json\/wp\/v2\/categories?post=134230"},{"taxonomy":"post_tag","embeddable":true,"href":"https:\/\/iparaiba.com.br\/index.php\/wp-json\/wp\/v2\/tags?post=134230"}],"curies":[{"name":"wp","href":"https:\/\/api.w.org\/{rel}","templated":true}]}}