{"id":134229,"date":"2024-12-26T08:00:57","date_gmt":"2024-12-26T11:00:57","guid":{"rendered":"https:\/\/onordeste.com.br\/?p=134225"},"modified":"2024-12-26T08:00:57","modified_gmt":"2024-12-26T11:00:57","slug":"covid-19-saude-chama-atencao-para-as-mudancas-na-estrategia-de-vacinacao","status":"publish","type":"post","link":"https:\/\/iparaiba.com.br\/index.php\/2024\/12\/26\/covid-19-saude-chama-atencao-para-as-mudancas-na-estrategia-de-vacinacao\/","title":{"rendered":"Covid 19: Sa\u00fade chama aten\u00e7\u00e3o para as mudan\u00e7as na estrat\u00e9gia de vacina\u00e7\u00e3o"},"content":{"rendered":"<p>A vacina\u00e7\u00e3o de gestantes e idosos contra a Covid-19 foi inclu\u00edda como vacina de rotina no Calend\u00e1rio Nacional de Vacina\u00e7\u00e3o, de acordo com o N\u00facleo de Imuniza\u00e7\u00f5es da Secretaria de Estado da Sa\u00fade (SES). As gr\u00e1vidas devem receber uma dose a cada gesta\u00e7\u00e3o e as pessoas com mais de 60 anos devem ser vacinadas a cada seis meses. Esses dois grupos se juntam \u00e0s crian\u00e7as de seis meses a menores de cinco anos que j\u00e1 integravam o grupo que deve ser imunizado contra a Covid-19.<\/p>\n<p>A partir da nova regra, a SES realizou alinhamento t\u00e9cnico com profissionais que atuam nas salas de vacina e coordenadores de imuniza\u00e7\u00e3o dos 223 munic\u00edpios paraibanos, no intuito de fortalecer a vacina\u00e7\u00e3o em todo estado.<\/p>\n<p>De acordo com a chefe do N\u00facleo de Imuniza\u00e7\u00f5es, M\u00e1rcia Mayara, a SES vem desenvolvendo diversas a\u00e7\u00f5es junto aos 223 munic\u00edpios, por meio do Programa Vacina Mais Para\u00edba, para levar informa\u00e7\u00f5es sobre a import\u00e2ncia da vacina\u00e7\u00e3o. \u201cA vacina contra a Covid-19 continua sendo alvo de campanhas de desinforma\u00e7\u00e3o. A propaga\u00e7\u00e3o de fake news \u00e9 um dos fatores que impacta na n\u00e3o ades\u00e3o da popula\u00e7\u00e3o \u00e0 vacina\u00e7\u00e3o. A SES, junto aos munic\u00edpios, desenvolve diversas a\u00e7\u00f5es quanto \u00e0 dissemina\u00e7\u00e3o de informa\u00e7\u00f5es sobre a seguran\u00e7a e efici\u00eancia dos imunizantes\u201d, falou.<\/p>\n<p>M\u00e1rcia destacou ainda o trabalho de ampliar o acesso das vacinas. \u201cS\u00f3 neste ano de 2024 foram realizados sete Dias D com 287.386 doses aplicadas. Ainda realizamos oficinas com os munic\u00edpios para a constru\u00e7\u00e3o dos planos municipais de imuniza\u00e7\u00e3o com diversas estrat\u00e9gias para executar dentro dos munic\u00edpios e realizamos a\u00e7\u00f5es de vacina\u00e7\u00e3o dentro das escolas\u201d, informou.<\/p>\n<p>Continuam no grupo especial de vacina\u00e7\u00e3o contra a Covid-19 pessoas vivendo em institui\u00e7\u00f5es de longa perman\u00eancia; imunocomprometidos; ind\u00edgenas; ribeirinhos e quilombolas. Tamb\u00e9m integram o grupo, as pu\u00e9rperas; trabalhadores da sa\u00fade; pessoas com defici\u00eancia permanente e com comorbidades; privadas de liberdade; funcion\u00e1rios do sistema de priva\u00e7\u00e3o de liberdade; adolescentes e jovens cumprindo medidas socioeducativas, al\u00e9m de pessoas em situa\u00e7\u00e3o de rua. Os imunocomprometidos devem tomar 1 dose a cada seis meses e os demais do grupo especial devem receber uma dose da vacina anual.<\/p>\n<p>O p\u00fablico a partir de 5 anos, que n\u00e3o faz parte do grupo especial e que nunca tomou a vacina contra a Covid-19, tem recomenda\u00e7\u00e3o de tomar uma dose da vacina.<\/p>\n<p>Para o p\u00fablico de crian\u00e7as de seis meses a 4 anos 11 meses e 29 dias est\u00e3o dispon\u00edveis as vacinas Moderna (Spikevax) e Pfizer (Comirnaty). Para o p\u00fablico de 5 a 11 anos est\u00e3o dispon\u00edveis as vacinas da Moderna (Spikevax) e Pfizer (Comirnaty). Para o p\u00fablico de 12 anos mais est\u00e3o dispon\u00edveis as vacinas Moderna (Spikevax), Pfizer (Comirnaty) e Serum Zalika.<\/p>\n<p>O objetivo da mudan\u00e7a por parte do Minist\u00e9rio da Sa\u00fade \u00e9 refor\u00e7ar a prote\u00e7\u00e3o contra o v\u00edrus entre as popula\u00e7\u00f5es mais vulner\u00e1veis e faz parte de uma estrat\u00e9gia nacional de sa\u00fade p\u00fablica para ampliar a cobertura vacinal no pa\u00eds. Tanto para crian\u00e7as, gestantes e idosos, a meta do Programa Nacional de Imuniza\u00e7\u00f5es \u00e9 vacinar 90% dessas popula\u00e7\u00f5es contra a Covid-19.<\/p>\n","protected":false},"excerpt":{"rendered":"<p>A vacina\u00e7\u00e3o de gestantes e idosos contra a Covid-19 foi inclu\u00edda como vacina de rotina no Calend\u00e1rio Nacional de Vacina\u00e7\u00e3o, de acordo com o N\u00facleo de Imuniza\u00e7\u00f5es da Secretaria de Estado da Sa\u00fade (SES). As gr\u00e1vidas devem receber uma dose a cada gesta\u00e7\u00e3o e as pessoas com mais de 60 anos devem ser vacinadas a &hellip;<\/p>\n","protected":false},"author":1,"featured_media":111023,"comment_status":"open","ping_status":"open","sticky":false,"template":"","format":"standard","meta":{"footnotes":""},"categories":[2],"tags":[],"class_list":["post-134229","post","type-post","status-publish","format-standard","has-post-thumbnail","hentry","category-saude"],"_links":{"self":[{"href":"https:\/\/iparaiba.com.br\/index.php\/wp-json\/wp\/v2\/posts\/134229","targetHints":{"allow":["GET"]}}],"collection":[{"href":"https:\/\/iparaiba.com.br\/index.php\/wp-json\/wp\/v2\/posts"}],"about":[{"href":"https:\/\/iparaiba.com.br\/index.php\/wp-json\/wp\/v2\/types\/post"}],"author":[{"embeddable":true,"href":"https:\/\/iparaiba.com.br\/index.php\/wp-json\/wp\/v2\/users\/1"}],"replies":[{"embeddable":true,"href":"https:\/\/iparaiba.com.br\/index.php\/wp-json\/wp\/v2\/comments?post=134229"}],"version-history":[{"count":1,"href":"https:\/\/iparaiba.com.br\/index.php\/wp-json\/wp\/v2\/posts\/134229\/revisions"}],"predecessor-version":[{"id":134254,"href":"https:\/\/iparaiba.com.br\/index.php\/wp-json\/wp\/v2\/posts\/134229\/revisions\/134254"}],"wp:featuredmedia":[{"embeddable":true,"href":"https:\/\/iparaiba.com.br\/index.php\/wp-json\/wp\/v2\/media\/111023"}],"wp:attachment":[{"href":"https:\/\/iparaiba.com.br\/index.php\/wp-json\/wp\/v2\/media?parent=134229"}],"wp:term":[{"taxonomy":"category","embeddable":true,"href":"https:\/\/iparaiba.com.br\/index.php\/wp-json\/wp\/v2\/categories?post=134229"},{"taxonomy":"post_tag","embeddable":true,"href":"https:\/\/iparaiba.com.br\/index.php\/wp-json\/wp\/v2\/tags?post=134229"}],"curies":[{"name":"wp","href":"https:\/\/api.w.org\/{rel}","templated":true}]}}