{"id":134227,"date":"2024-12-25T18:10:59","date_gmt":"2024-12-25T21:10:59","guid":{"rendered":"https:\/\/onordeste.com.br\/?p=134220"},"modified":"2024-12-25T18:10:59","modified_gmt":"2024-12-25T21:10:59","slug":"projeto-ecologico-de-alunos-e-usado-em-escola","status":"publish","type":"post","link":"https:\/\/iparaiba.com.br\/index.php\/2024\/12\/25\/projeto-ecologico-de-alunos-e-usado-em-escola\/","title":{"rendered":"Projeto ecol\u00f3gico de alunos \u00e9 usado em escola"},"content":{"rendered":"<p>Um projeto escolar ganhador do Desafio Liga Jovem do Sebrae est\u00e1 sendo utilizado pela Escola Cidad\u00e3 Integral T\u00e9cnica Professor Br\u00e1ulio Maia J\u00fanior, no bairro Dinam\u00e9rica, em Campina Grande. Este e o outro projeto da mesma escola, de um aplicativo para crian\u00e7as do espectro autista, foram os mais destac\u00e1veis no estado entre os cinco melhores da edi\u00e7\u00e3o 2024 da competi\u00e7\u00e3o.<\/p>\n<p>O Desafio Liga Jovem \u00e9 um dos programas de destaque do Sebrae\/PB. Segundo a analista t\u00e9cnica da institui\u00e7\u00e3o, Fab\u00edola Vieira, esta \u00e9 uma competi\u00e7\u00e3o que visa conectar estudantes com o empreendedorismo, oferecendo uma experi\u00eancia pr\u00e1tica e inspiradora.<\/p>\n<p>\u201cO programa \u00e9 projetado para estimular o pensamento criativo e a inova\u00e7\u00e3o entre os participantes. Voltado aos estudantes do ensino fundamental, m\u00e9dio, t\u00e9cnico e superior, o programa cria um ambiente din\u00e2mico e motivador onde os jovens aplicam conhecimentos adquiridos na escola em desafios reais de neg\u00f3cios. Durante a jornada do Desafio Liga Jovem, os alunos s\u00e3o incentivados a formar equipes, identificar problemas, propor solu\u00e7\u00f5es inovadoras e, finalmente, transformar suas ideias em planos de neg\u00f3cios vi\u00e1veis\u201d, falou a analista.<\/p>\n","protected":false},"excerpt":{"rendered":"<p>Um projeto escolar ganhador do Desafio Liga Jovem do Sebrae est\u00e1 sendo utilizado pela Escola Cidad\u00e3 Integral T\u00e9cnica Professor Br\u00e1ulio Maia J\u00fanior, no bairro Dinam\u00e9rica, em Campina Grande. Este e o outro projeto da mesma escola, de um aplicativo para crian\u00e7as do espectro autista, foram os mais destac\u00e1veis no estado entre os cinco melhores da &hellip;<\/p>\n","protected":false},"author":1,"featured_media":98423,"comment_status":"open","ping_status":"open","sticky":false,"template":"","format":"standard","meta":{"footnotes":""},"categories":[11],"tags":[],"class_list":["post-134227","post","type-post","status-publish","format-standard","has-post-thumbnail","hentry","category-educacao"],"_links":{"self":[{"href":"https:\/\/iparaiba.com.br\/index.php\/wp-json\/wp\/v2\/posts\/134227","targetHints":{"allow":["GET"]}}],"collection":[{"href":"https:\/\/iparaiba.com.br\/index.php\/wp-json\/wp\/v2\/posts"}],"about":[{"href":"https:\/\/iparaiba.com.br\/index.php\/wp-json\/wp\/v2\/types\/post"}],"author":[{"embeddable":true,"href":"https:\/\/iparaiba.com.br\/index.php\/wp-json\/wp\/v2\/users\/1"}],"replies":[{"embeddable":true,"href":"https:\/\/iparaiba.com.br\/index.php\/wp-json\/wp\/v2\/comments?post=134227"}],"version-history":[{"count":1,"href":"https:\/\/iparaiba.com.br\/index.php\/wp-json\/wp\/v2\/posts\/134227\/revisions"}],"predecessor-version":[{"id":134252,"href":"https:\/\/iparaiba.com.br\/index.php\/wp-json\/wp\/v2\/posts\/134227\/revisions\/134252"}],"wp:featuredmedia":[{"embeddable":true,"href":"https:\/\/iparaiba.com.br\/index.php\/wp-json\/wp\/v2\/media\/98423"}],"wp:attachment":[{"href":"https:\/\/iparaiba.com.br\/index.php\/wp-json\/wp\/v2\/media?parent=134227"}],"wp:term":[{"taxonomy":"category","embeddable":true,"href":"https:\/\/iparaiba.com.br\/index.php\/wp-json\/wp\/v2\/categories?post=134227"},{"taxonomy":"post_tag","embeddable":true,"href":"https:\/\/iparaiba.com.br\/index.php\/wp-json\/wp\/v2\/tags?post=134227"}],"curies":[{"name":"wp","href":"https:\/\/api.w.org\/{rel}","templated":true}]}}