{"id":134223,"date":"2024-12-25T10:00:54","date_gmt":"2024-12-25T13:00:54","guid":{"rendered":"https:\/\/onordeste.com.br\/?p=134212"},"modified":"2024-12-25T10:00:54","modified_gmt":"2024-12-25T13:00:54","slug":"ccj-aprova-como-patrimonio-cultural-as-obras-de-biliu-de-campina","status":"publish","type":"post","link":"https:\/\/iparaiba.com.br\/index.php\/2024\/12\/25\/ccj-aprova-como-patrimonio-cultural-as-obras-de-biliu-de-campina\/","title":{"rendered":"CCJ aprova como Patrim\u00f4nio Cultural as obras de Biliu de Campina"},"content":{"rendered":"<p>Durante reuni\u00e3o no Plen\u00e1rio da Assembleia Legislativa da Para\u00edba (ALPB), a Comiss\u00e3o de Constitui\u00e7\u00e3o, Justi\u00e7a e Reda\u00e7\u00e3o (CCJR) aprovou dois importantes projetos de lei que reconhecem pr\u00e1ticas culturais como patrim\u00f4nio do estado. A reuni\u00e3o contou com a participa\u00e7\u00e3o dos deputados Jo\u00e3o Gon\u00e7alves, presidente da Comiss\u00e3o, Wallber Virgolino, e das deputadas Camila Toscano e S\u00edlvia Benjamin.<\/p>\n<p>O primeiro projeto aprovado, de autoria do deputado Wallber Virgolino, reconhece as obras do cantor e compositor Severino Xavier de Souza, mais conhecido como Biliu de Campina, como Patrim\u00f4nio Cultural do Estado da Para\u00edba. \u201cBiliu tem uma carreira de mais de 40 anos, resgatando e preservando o forr\u00f3 de raiz. Sua obra, que mant\u00e9m as tradi\u00e7\u00f5es do coco, xaxado e bai\u00e3o, \u00e9 um reflexo da cultura de nossa regi\u00e3o e merece este reconhecimento\u201d, afirmou Virgolino, ressaltando a import\u00e2ncia do artista para a m\u00fasica nordestina.<\/p>\n<p>J\u00e1 o segundo projeto, de autoria da deputada Cida Ramos, declara a literatura de cordel como Patrim\u00f4nio Cultural e Imaterial do Estado da Para\u00edba. Cida explicou que a literatura de cordel tem profundas ra\u00edzes no estado, especialmente na cidade de Pombal, ber\u00e7o de Leandro Gomes de Barros, um dos maiores nomes do g\u00eanero. \u201cO reconhecimento da literatura de cordel como patrim\u00f4nio do estado \u00e9 uma homenagem n\u00e3o apenas a Leandro Gomes de Barros, mas a todos os mestres e artistas que mant\u00eam viva essa tradi\u00e7\u00e3o. Valorizar o cordel \u00e9 preservar a nossa hist\u00f3ria e identidade\u201d, afirmou a deputada.<\/p>\n<p><strong>Inclus\u00e3o Social<\/strong><\/p>\n<p>Em uma outra frente, a CCJR tamb\u00e9m aprovou projetos de lei que promovem a inclus\u00e3o e o acesso a direitos para pessoas com necessidades especiais. Entre os destaques est\u00e1 o Projeto de Lei n\u00ba 2148\/2024, da deputada Danielle do Vale, que estabelece a obrigatoriedade de exibi\u00e7\u00e3o de propagandas educativas sobre o Transtorno do Espectro Autista (TEA) em espet\u00e1culos art\u00edsticos-culturais e esportivos que recebem apoio financeiro do Governo do Estado da Para\u00edba.<\/p>\n<p>O objetivo da proposta \u00e9 sensibilizar o p\u00fablico sobre o TEA, contribuindo para a constru\u00e7\u00e3o de uma sociedade mais inclusiva. \u201c\u00c9 fundamental que a sociedade tenha acesso \u00e0 informa\u00e7\u00e3o sobre o TEA, para que possamos promover uma maior compreens\u00e3o e aceita\u00e7\u00e3o das pessoas com autismo em todos os espa\u00e7os, sejam culturais ou esportivos\u201d, afirmou a deputada Danielle.<\/p>\n<p>O Projeto de Lei n\u00ba 2130\/2024, do deputado Romualdo, tamb\u00e9m recebeu aprova\u00e7\u00e3o. A proposta determina que restaurantes do estado reservem no m\u00ednimo 2% de suas mesas para pessoas com Transtorno do Espectro Autista (TEA) e suas fam\u00edlias, garantindo um atendimento acolhedor e adaptado \u00e0s necessidades desse p\u00fablico. Segundo o deputado, \u201ca ideia \u00e9 criar um ambiente mais amig\u00e1vel e acess\u00edvel para as fam\u00edlias que convivem com o TEA, com respeito e dignidade\u201d.<\/p>\n","protected":false},"excerpt":{"rendered":"<p>Durante reuni\u00e3o no Plen\u00e1rio da Assembleia Legislativa da Para\u00edba (ALPB), a Comiss\u00e3o de Constitui\u00e7\u00e3o, Justi\u00e7a e Reda\u00e7\u00e3o (CCJR) aprovou dois importantes projetos de lei que reconhecem pr\u00e1ticas culturais como patrim\u00f4nio do estado. A reuni\u00e3o contou com a participa\u00e7\u00e3o dos deputados Jo\u00e3o Gon\u00e7alves, presidente da Comiss\u00e3o, Wallber Virgolino, e das deputadas Camila Toscano e S\u00edlvia Benjamin. &hellip;<\/p>\n","protected":false},"author":1,"featured_media":97504,"comment_status":"open","ping_status":"open","sticky":false,"template":"","format":"standard","meta":{"footnotes":""},"categories":[4],"tags":[],"class_list":["post-134223","post","type-post","status-publish","format-standard","has-post-thumbnail","hentry","category-cultura"],"_links":{"self":[{"href":"https:\/\/iparaiba.com.br\/index.php\/wp-json\/wp\/v2\/posts\/134223","targetHints":{"allow":["GET"]}}],"collection":[{"href":"https:\/\/iparaiba.com.br\/index.php\/wp-json\/wp\/v2\/posts"}],"about":[{"href":"https:\/\/iparaiba.com.br\/index.php\/wp-json\/wp\/v2\/types\/post"}],"author":[{"embeddable":true,"href":"https:\/\/iparaiba.com.br\/index.php\/wp-json\/wp\/v2\/users\/1"}],"replies":[{"embeddable":true,"href":"https:\/\/iparaiba.com.br\/index.php\/wp-json\/wp\/v2\/comments?post=134223"}],"version-history":[{"count":1,"href":"https:\/\/iparaiba.com.br\/index.php\/wp-json\/wp\/v2\/posts\/134223\/revisions"}],"predecessor-version":[{"id":134248,"href":"https:\/\/iparaiba.com.br\/index.php\/wp-json\/wp\/v2\/posts\/134223\/revisions\/134248"}],"wp:featuredmedia":[{"embeddable":true,"href":"https:\/\/iparaiba.com.br\/index.php\/wp-json\/wp\/v2\/media\/97504"}],"wp:attachment":[{"href":"https:\/\/iparaiba.com.br\/index.php\/wp-json\/wp\/v2\/media?parent=134223"}],"wp:term":[{"taxonomy":"category","embeddable":true,"href":"https:\/\/iparaiba.com.br\/index.php\/wp-json\/wp\/v2\/categories?post=134223"},{"taxonomy":"post_tag","embeddable":true,"href":"https:\/\/iparaiba.com.br\/index.php\/wp-json\/wp\/v2\/tags?post=134223"}],"curies":[{"name":"wp","href":"https:\/\/api.w.org\/{rel}","templated":true}]}}