{"id":134219,"date":"2024-12-24T15:00:17","date_gmt":"2024-12-24T18:00:17","guid":{"rendered":"https:\/\/onordeste.com.br\/?p=134204"},"modified":"2024-12-24T15:00:17","modified_gmt":"2024-12-24T18:00:17","slug":"impulsionamento-do-centro-historico-camara-no-seu-bairro-e-construcao-de-nova-sede","status":"publish","type":"post","link":"https:\/\/iparaiba.com.br\/index.php\/2024\/12\/24\/impulsionamento-do-centro-historico-camara-no-seu-bairro-e-construcao-de-nova-sede\/","title":{"rendered":"Impulsionamento do Centro Hist\u00f3rico, C\u00e2mara no Seu Bairro e constru\u00e7\u00e3o de nova sede"},"content":{"rendered":"<div>A \u00faltima Legislatura da C\u00e2mara Municipal de Jo\u00e3o Pessoa (CMJP), que atuou de 2020 a 2024, composta por 27 vereadores, trouxe desenvolvimento para a cidade em v\u00e1rias \u00e1reas e mais aproxima\u00e7\u00e3o com o pessoense, sendo destaques as a\u00e7\u00f5es de impulsionamento do Centro Hist\u00f3rico, as audi\u00eancias p\u00fablicas pela cidade com o C\u00e2mara no Seu bairro e os esfor\u00e7os para tornar realidade a nova sede do Legislativo Municipal.<\/div>\n<div><\/div>\n<div>O in\u00edcio da Legislatura foi marcado pelos esfor\u00e7os e continuidade dos trabalhos diante da pandemia de Covid-19. As sess\u00f5es inicialmente remotas foram dando lugar ao trabalho presencial, com a realiza\u00e7\u00e3o de testagem de servidores e utiliza\u00e7\u00e3o de m\u00e1scaras de prote\u00e7\u00e3o e \u00e1lcool em gel. No final da pandemia, os vereadores j\u00e1 demonstraram preocupa\u00e7\u00e3o com as consequ\u00eancias do fechamento do com\u00e9rcio, principalmente no Centro da Capital. Em fevereiro de 2021, eles percorreram o Centro Hist\u00f3rico ouvindo as reivindica\u00e7\u00f5es dos comerciantes e se reuniram com o presidente da C\u00e2mara de Dirigentes Lojistas de Jo\u00e3o Pessoa (CDL-JP), Nivaldo Vilar.<\/div>\n<div><\/div>\n<div>A<a href=\"https:\/\/antigo.joaopessoa.pb.leg.br\/imprensa\/noticias\/presidente-da-cdl-afirma-que-mais-de-200-lojas-fecharam-no-periodo-da-pandemia\" target=\"_blank\" rel=\"noopener\" data-saferedirecturl=\"https:\/\/www.google.com\/url?q=https:\/\/antigo.joaopessoa.pb.leg.br\/imprensa\/noticias\/presidente-da-cdl-afirma-que-mais-de-200-lojas-fecharam-no-periodo-da-pandemia&amp;source=gmail&amp;ust=1735133776073000&amp;usg=AOvVaw11xL-Kc0JPbldKeWfCDi4s\">\u00a0caminhada<\/a>\u00a0dos parlamentares deu in\u00edcio a uma s\u00e9rie de a\u00e7\u00f5es em prol da regi\u00e3o, come\u00e7ando com<a href=\"https:\/\/joaopessoa.pb.leg.br\/audiencia-publica-discute-demandas-relativas-ao-centro-de-joao-pessoa\/\" target=\"_blank\" rel=\"noopener\" data-saferedirecturl=\"https:\/\/www.google.com\/url?q=https:\/\/joaopessoa.pb.leg.br\/audiencia-publica-discute-demandas-relativas-ao-centro-de-joao-pessoa\/&amp;source=gmail&amp;ust=1735133776073000&amp;usg=AOvVaw1FzLeMpqAK-hXHAVp7ZMJe\">\u00a0audi\u00eancias p\u00fablicas<\/a>, debatendo n\u00e3o s\u00f3 com os comerciantes da regi\u00e3o, mas tamb\u00e9m com a Gest\u00e3o Municipal as medidas que poderiam ser tomadas. A partir dos debates, o presidente da CMJP, vereador Dinho (PSD), elaborou um<a href=\"https:\/\/joaopessoa.pb.leg.br\/presidente-da-cmjp-apresenta-plano-de-acao-para-revitalizar-o-centro\/\" target=\"_blank\" rel=\"noopener\" data-saferedirecturl=\"https:\/\/www.google.com\/url?q=https:\/\/joaopessoa.pb.leg.br\/presidente-da-cmjp-apresenta-plano-de-acao-para-revitalizar-o-centro\/&amp;source=gmail&amp;ust=1735133776073000&amp;usg=AOvVaw0lxrxf1Z4JkWI7e9LK2oGp\">\u00a0Plano de A\u00e7\u00e3o<\/a>\u00a0para revitalizar o Centro Hist\u00f3rico, propondo<a href=\"https:\/\/joaopessoa.pb.leg.br\/cmjp-debate-com-fecomercio-cdl-e-iphaep-construcoes-no-centro-historico\/\" target=\"_blank\" rel=\"noopener\" data-saferedirecturl=\"https:\/\/www.google.com\/url?q=https:\/\/joaopessoa.pb.leg.br\/cmjp-debate-com-fecomercio-cdl-e-iphaep-construcoes-no-centro-historico\/&amp;source=gmail&amp;ust=1735133776073000&amp;usg=AOvVaw3MNvJ9HYy896-2s8pTgqTy\">\u00a0discuss\u00f5es<\/a>, incentivos fiscais, melhorias na seguran\u00e7a p\u00fablica e benef\u00edcios para consumidores. E, colhendo experi\u00eancias de<a href=\"https:\/\/joaopessoa.pb.leg.br\/vereadores-de-joao-pessoa-colhem-experiencias-de-recife-voltadas-para-recuperacao-do-centro\/\" target=\"_blank\" rel=\"noopener\" data-saferedirecturl=\"https:\/\/www.google.com\/url?q=https:\/\/joaopessoa.pb.leg.br\/vereadores-de-joao-pessoa-colhem-experiencias-de-recife-voltadas-para-recuperacao-do-centro\/&amp;source=gmail&amp;ust=1735133776073000&amp;usg=AOvVaw35LtArQgXSDoue76OK0Kvm\">\u00a0outras cidades<\/a>, em conson\u00e2ncia com a Prefeitura da Capital, o Legislativo Municipal aprovou incentivos para a Zona Priorit\u00e1ria do Centro Hist\u00f3rico, medida que foi<a href=\"https:\/\/joaopessoa.pb.leg.br\/comite-parabeniza-camara-e-pmjp-pela-lei-que-beneficia-comerciantes-e-moradores-do-centro-historico\/\" target=\"_blank\" rel=\"noopener\" data-saferedirecturl=\"https:\/\/www.google.com\/url?q=https:\/\/joaopessoa.pb.leg.br\/comite-parabeniza-camara-e-pmjp-pela-lei-que-beneficia-comerciantes-e-moradores-do-centro-historico\/&amp;source=gmail&amp;ust=1735133776073000&amp;usg=AOvVaw2hkWx8rYARrUGasoZhX9Gs\">\u00a0elogiada<\/a>\u00a0pelo Comit\u00ea de Fomento e Desenvolvimento do Centro Hist\u00f3rico de Jo\u00e3o Pessoa.<\/div>\n<div><\/div>\n<div>Ap\u00f3s esse esfor\u00e7o da C\u00e2mara Municipal, Governo do Estado e Prefeitura anunciaram o projeto<a href=\"https:\/\/joaopessoa.pb.leg.br\/viva-o-centro-pacote-de-medidas-preve-investimentos-de-r-400-milhoes-para-revitalizacao-do-centro-historico\/\" target=\"_blank\" rel=\"noopener\" data-saferedirecturl=\"https:\/\/www.google.com\/url?q=https:\/\/joaopessoa.pb.leg.br\/viva-o-centro-pacote-de-medidas-preve-investimentos-de-r-400-milhoes-para-revitalizacao-do-centro-historico\/&amp;source=gmail&amp;ust=1735133776073000&amp;usg=AOvVaw3wJqEy9L7roFo-t4tVM6Ol\">\u00a0Viva o Centro<\/a>, com v\u00e1rias a\u00e7\u00f5es nas \u00e1reas de seguran\u00e7a, infraestrutura, mobilidade urbana e incentivos fiscais para empresas que querem se estabelecer na regi\u00e3o e \u00e0s pessoas f\u00edsicas que desejam morar no Centro. Em maio de 2024, os Poderes se uniram para realizar a<a href=\"https:\/\/joaopessoa.pb.leg.br\/feira-de-negocios-viva-o-centro-estandes-oferecem-servicos-e-orientacoes-aos-interessados-em-investir-no-centro-historico\/\" target=\"_blank\" rel=\"noopener\" data-saferedirecturl=\"https:\/\/www.google.com\/url?q=https:\/\/joaopessoa.pb.leg.br\/feira-de-negocios-viva-o-centro-estandes-oferecem-servicos-e-orientacoes-aos-interessados-em-investir-no-centro-historico\/&amp;source=gmail&amp;ust=1735133776073000&amp;usg=AOvVaw34gbLZ_ey1WwgPZTz--VDF\">\u00a0Feira de Neg\u00f3cios Viva o Centro<\/a>, onde os os interessados em investir no Centro Hist\u00f3rico de Jo\u00e3o Pessoa puderam conhecer estandes de diversos \u00f3rg\u00e3os municipais e estaduais, e obter orienta\u00e7\u00f5es sobre como ter acesso \u00e0 isen\u00e7\u00e3o de impostos, concess\u00e3o de cr\u00e9dito, entre outros servi\u00e7os voltados a empresas e pessoas f\u00edsicas. Tamb\u00e9m foi lan\u00e7ado um<a href=\"https:\/\/joaopessoa.pb.leg.br\/feira-de-negocios-lanca-portal-de-servicos-e-informacoes-para-quem-quer-investir-no-centro\/\" target=\"_blank\" rel=\"noopener\" data-saferedirecturl=\"https:\/\/www.google.com\/url?q=https:\/\/joaopessoa.pb.leg.br\/feira-de-negocios-lanca-portal-de-servicos-e-informacoes-para-quem-quer-investir-no-centro\/&amp;source=gmail&amp;ust=1735133776073000&amp;usg=AOvVaw2W_UbXcjrw58r0UuvMjhRh\">\u00a0portal de informa\u00e7\u00f5es<\/a>\u00a0para atingir quem n\u00e3o conseguiu comparecer ao evento, que continua ativo. E para encerrar este ano, em dezembro, a C\u00e2mara Municipal, em parceria com o projeto \u2018Viva o Centro com M\u00fasica\u2019, promoveu Concerto de Natal no Centro Cultural S\u00e3o Francisco.<\/div>\n<div><\/div>\n<div><b>Nova Sede<\/b><\/div>\n<div><\/div>\n<div>Desde o in\u00edcio da Legislatura, as negocia\u00e7\u00f5es para viabilizar a constru\u00e7\u00e3o da nova sede aconteceram. O presidente Dinho viajou \u00e0 Bras\u00edlia, se reuniu com<a href=\"https:\/\/antigo.joaopessoa.pb.leg.br\/imprensa\/noticias\/presidente-da-camara-de-joao-pessoa-cumpre-agenda-em-brasilia\" target=\"_blank\" rel=\"noopener\" data-saferedirecturl=\"https:\/\/www.google.com\/url?q=https:\/\/antigo.joaopessoa.pb.leg.br\/imprensa\/noticias\/presidente-da-camara-de-joao-pessoa-cumpre-agenda-em-brasilia&amp;source=gmail&amp;ust=1735133776073000&amp;usg=AOvVaw1bN2PXFT7xG4hSbeKiD6o1\">\u00a0institui\u00e7\u00f5es<\/a><a href=\"https:\/\/joaopessoa.pb.leg.br\/em-brasilia-dinho-discute-com-direcao-do-brb-emprestimo-para-construcao-de-nova-sede-da-camara\/\" target=\"_blank\" rel=\"noopener\" data-saferedirecturl=\"https:\/\/www.google.com\/url?q=https:\/\/joaopessoa.pb.leg.br\/em-brasilia-dinho-discute-com-direcao-do-brb-emprestimo-para-construcao-de-nova-sede-da-camara\/&amp;source=gmail&amp;ust=1735133776073000&amp;usg=AOvVaw2N74kXrtdgXE3n4YbWQ7bg\">\u00a0banc\u00e1rias<\/a>\u00a0e, no in\u00edcio de 2022, a CMJP aprovou empr\u00e9stimo junto ao Banco de Bras\u00edlia (BRB), no valor de at\u00e9 R$ 20 milh\u00f5es para a constru\u00e7\u00e3o da nova sede do Legislativo. Ainda em 2022 o prefeito C\u00edcero Lucena e Dinho<a href=\"https:\/\/joaopessoa.pb.leg.br\/dinho-e-cicero-assinam-contrato-de-emprestimo-para-construcao-da-nova-sede-da-camara-de-joao-pessoa\/\" target=\"_blank\" rel=\"noopener\" data-saferedirecturl=\"https:\/\/www.google.com\/url?q=https:\/\/joaopessoa.pb.leg.br\/dinho-e-cicero-assinam-contrato-de-emprestimo-para-construcao-da-nova-sede-da-camara-de-joao-pessoa\/&amp;source=gmail&amp;ust=1735133776073000&amp;usg=AOvVaw3dkCxdt8mizNrjbs9Yhh0_\">\u00a0assinaram<\/a>\u00a0o contrato do empr\u00e9stimo. Em 2023 o<a href=\"https:\/\/joaopessoa.pb.leg.br\/presidente-da-cmjp-anuncia-edital-de-construcao-da-nova-sede-na-semana-do-patrimonio\/\" target=\"_blank\" rel=\"noopener\" data-saferedirecturl=\"https:\/\/www.google.com\/url?q=https:\/\/joaopessoa.pb.leg.br\/presidente-da-cmjp-anuncia-edital-de-construcao-da-nova-sede-na-semana-do-patrimonio\/&amp;source=gmail&amp;ust=1735133776073000&amp;usg=AOvVaw2dOe_2Si4FGBuflMwh2KHg\">\u00a0edital<\/a>\u00a0de constru\u00e7\u00e3o foi lan\u00e7ado e<a href=\"https:\/\/joaopessoa.pb.leg.br\/cmjp-homologa-contratacao-de-empresa-e-assina-ordem-de-servico-para-obra-de-nova-sede\/\" target=\"_blank\" rel=\"noopener\" data-saferedirecturl=\"https:\/\/www.google.com\/url?q=https:\/\/joaopessoa.pb.leg.br\/cmjp-homologa-contratacao-de-empresa-e-assina-ordem-de-servico-para-obra-de-nova-sede\/&amp;source=gmail&amp;ust=1735133776073000&amp;usg=AOvVaw1DIVbPa0rw1573_q7V9if8\">\u00a0assinada<\/a>\u00a0a ordem de servi\u00e7o para a obra.<\/div>\n<div><\/div>\n<div>O novo pr\u00e9dio est\u00e1 sendo constru\u00eddo com tecnologia steel frame (estrutura met\u00e1lica), o que torna a execu\u00e7\u00e3o da obra mais r\u00e1pida. Ter\u00e1 quatro pavimentos, um novo plen\u00e1rio e audit\u00f3rio. A estrutura tamb\u00e9m vai atender aos princ\u00edpios da sustentabilidade, com capta\u00e7\u00e3o de \u00e1gua da chuva, energia solar, biciclet\u00e1rio e programa de papel zero.<\/div>\n<div><\/div>\n<div>Em outubro deste ano, o presidente ofereceu um<a href=\"https:\/\/joaopessoa.pb.leg.br\/cmjp-promove-cafe-da-manha-de-integracao-entre-os-vereadores\/\" target=\"_blank\" rel=\"noopener\" data-saferedirecturl=\"https:\/\/www.google.com\/url?q=https:\/\/joaopessoa.pb.leg.br\/cmjp-promove-cafe-da-manha-de-integracao-entre-os-vereadores\/&amp;source=gmail&amp;ust=1735133776073000&amp;usg=AOvVaw2SeA9856o4l7AT1WjY_BYE\">\u00a0caf\u00e9 da manh\u00e3<\/a>\u00a0de boas-vindas aos vereadores da pr\u00f3xima Legislatura e para apresentar o andamento das obras. Em novembro, o presidente da Segunda C\u00e2mara do Tribunal de Contas do Estado da Para\u00edba (TCE-PB), conselheiro Andr\u00e9 Carlo Torres,<a href=\"https:\/\/joaopessoa.pb.leg.br\/conselheiro-do-tce-visita-obras-da-nova-sede-da-camara-municipal-de-joao-pessoa\/\" target=\"_blank\" rel=\"noopener\" data-saferedirecturl=\"https:\/\/www.google.com\/url?q=https:\/\/joaopessoa.pb.leg.br\/conselheiro-do-tce-visita-obras-da-nova-sede-da-camara-municipal-de-joao-pessoa\/&amp;source=gmail&amp;ust=1735133776073000&amp;usg=AOvVaw0_NBlCUu_iusmhuIJmbNQe\">\u00a0visitou<\/a>\u00a0as obras e afirmou que o cronograma est\u00e1 sendo seguido dentro do estabelecido.<\/div>\n<div><\/div>\n<div>Em outubro de 2024, o presidente Dinho<a href=\"https:\/\/joaopessoa.pb.leg.br\/dinho-assina-contrato-e-brb-vai-gerir-a-folha-dos-servidores-da-camara-de-joao-pessoa\/\" target=\"_blank\" rel=\"noopener\" data-saferedirecturl=\"https:\/\/www.google.com\/url?q=https:\/\/joaopessoa.pb.leg.br\/dinho-assina-contrato-e-brb-vai-gerir-a-folha-dos-servidores-da-camara-de-joao-pessoa\/&amp;source=gmail&amp;ust=1735133776073000&amp;usg=AOvVaw1cC6CjsTfSc72nbJyixjwu\">\u00a0assinou<\/a>\u00a0contrato em que concede ao Banco Regional de Bras\u00edlia (BRB) autoriza\u00e7\u00e3o para gerir a folha de pagamento dos servidores da Casa. A opera\u00e7\u00e3o envolveu o pagamento de R$ 1,5 milh\u00e3o ao Legislativo Municipal. De acordo com o presidente, o recurso ser\u00e1 destinado \u00e0 constru\u00e7\u00e3o da sede social dos servidores da CMJP, cujo espa\u00e7o foi<a href=\"https:\/\/joaopessoa.pb.leg.br\/cmjp-aprova-ldo-para-o-exercicio-financeiro-de-2025-com-88-emendas\/\" target=\"_blank\" rel=\"noopener\" data-saferedirecturl=\"https:\/\/www.google.com\/url?q=https:\/\/joaopessoa.pb.leg.br\/cmjp-aprova-ldo-para-o-exercicio-financeiro-de-2025-com-88-emendas\/&amp;source=gmail&amp;ust=1735133776073000&amp;usg=AOvVaw1Q5VqhwPLCVZqzeSpUdePd\">\u00a0doado<\/a>\u00a0pela Prefeitura da Capital.<\/div>\n<div><\/div>\n<div><b>C\u00e2mara no Seu Bairro<\/b><\/div>\n<div><\/div>\n<div>Nesta Legislatura, a CMJP deu continuidade ao projeto que tem como objetivo encurtar a dist\u00e2ncia entre a popula\u00e7\u00e3o e seus representantes, o \u2018<a href=\"https:\/\/joaopessoa.pb.leg.br\/camara-no-seu-bairro-encurta-distancia-entre-populacao-e-vereadores\/\" target=\"_blank\" rel=\"noopener\" data-saferedirecturl=\"https:\/\/www.google.com\/url?q=https:\/\/joaopessoa.pb.leg.br\/camara-no-seu-bairro-encurta-distancia-entre-populacao-e-vereadores\/&amp;source=gmail&amp;ust=1735133776073000&amp;usg=AOvVaw2ar1oGgGM9Ro7KfwXsdf7x\">C\u00e2mara no Seu Bairro<\/a>\u2019. Foram cinco sess\u00f5es itinerantes que levaram os vereadores da Capital para ouvir as demandas do pessoense diretamente nos bairros dos Estados, Bessa, Mangabeira, Valentina e Centro, durante 2023. Al\u00e9m desse momento de intera\u00e7\u00e3o direta, a CMJP tamb\u00e9m ofereceu aos cidad\u00e3os<a href=\"https:\/\/joaopessoa.pb.leg.br\/canal-direto-fala-povo-permite-aos-cidadaos-encaminhar-demandas-aos-vereadores\/\" target=\"_blank\" rel=\"noopener\" data-saferedirecturl=\"https:\/\/www.google.com\/url?q=https:\/\/joaopessoa.pb.leg.br\/canal-direto-fala-povo-permite-aos-cidadaos-encaminhar-demandas-aos-vereadores\/&amp;source=gmail&amp;ust=1735133776073000&amp;usg=AOvVaw2G2OpFHGrw3CPCzYOxKttB\">\u00a0outro canal<\/a>\u00a0instant\u00e2neo de comunica\u00e7\u00e3o com os vereadores: o \u201c<a href=\"https:\/\/joaopessoa.pb.leg.br\/falapovo\/\" target=\"_blank\" rel=\"noopener\" data-saferedirecturl=\"https:\/\/www.google.com\/url?q=https:\/\/joaopessoa.pb.leg.br\/falapovo\/&amp;source=gmail&amp;ust=1735133776073000&amp;usg=AOvVaw2TCHjVnnHRMRhIXADMOLN_\">Fala Povo<\/a>\u201d. Atrav\u00e9s dessa plataforma, \u00e9 poss\u00edvel mandar mensagem para qualquer dos parlamentares.<\/div>\n<div><\/div>\n<div><b>Plano Diretor<\/b><\/div>\n<div><\/div>\n<div>Instrumento b\u00e1sico da pol\u00edtica de desenvolvimento e expans\u00e3o urbana, o Plano Diretor foi amplamente debatido e votado no Legislativo Municipal. No in\u00edcio de 2023, foi criada uma<a href=\"https:\/\/joaopessoa.pb.leg.br\/cmjp-vai-debater-plano-diretor-no-proximo-dia-7-de-marco\/\" target=\"_blank\" rel=\"noopener\" data-saferedirecturl=\"https:\/\/www.google.com\/url?q=https:\/\/joaopessoa.pb.leg.br\/cmjp-vai-debater-plano-diretor-no-proximo-dia-7-de-marco\/&amp;source=gmail&amp;ust=1735133776073000&amp;usg=AOvVaw2f-iz5WHe9sTHDRuGgm-pi\">\u00a0comiss\u00e3o multidisciplinar<\/a>, presidida pelo vereador Dam\u00e1sio Franca (PP), para subsidiar a atualiza\u00e7\u00e3o do documento.<a href=\"https:\/\/joaopessoa.pb.leg.br\/plano-diretor-vereadores-e-sociedade-civil-debatem-mobilidade-urbana\/\" target=\"_blank\" rel=\"noopener\" data-saferedirecturl=\"https:\/\/www.google.com\/url?q=https:\/\/joaopessoa.pb.leg.br\/plano-diretor-vereadores-e-sociedade-civil-debatem-mobilidade-urbana\/&amp;source=gmail&amp;ust=1735133776073000&amp;usg=AOvVaw3LZg3I5FiVGYCQTeNqHBRY\">\u00a0Audi\u00eancias p\u00fablicas<\/a>\u00a0foram realizadas, com a apresenta\u00e7\u00e3o do Plano Diretor pela<a href=\"https:\/\/joaopessoa.pb.leg.br\/gestao-apresenta-plano-diretor-em-debate-na-cmjp\/\" target=\"_blank\" rel=\"noopener\" data-saferedirecturl=\"https:\/\/www.google.com\/url?q=https:\/\/joaopessoa.pb.leg.br\/gestao-apresenta-plano-diretor-em-debate-na-cmjp\/&amp;source=gmail&amp;ust=1735133776073000&amp;usg=AOvVaw3S9eLIDfuKqqIOgE11gRAg\">\u00a0Gest\u00e3o Municipal<\/a>, al\u00e9m de<a href=\"https:\/\/joaopessoa.pb.leg.br\/plano-diretor-tecnicos-explicam-planejamentos-de-mobilidade-urbana-em-audiencia-publica\/\" target=\"_blank\" rel=\"noopener\" data-saferedirecturl=\"https:\/\/www.google.com\/url?q=https:\/\/joaopessoa.pb.leg.br\/plano-diretor-tecnicos-explicam-planejamentos-de-mobilidade-urbana-em-audiencia-publica\/&amp;source=gmail&amp;ust=1735133776073000&amp;usg=AOvVaw1pnaGGGr6PoBQAVaAL4Vlv\">\u00a0especialistas<\/a>\u00a0e<a href=\"https:\/\/joaopessoa.pb.leg.br\/especialistas-e-populares-debatem-plano-diretor-na-cmjp\/\" target=\"_blank\" rel=\"noopener\" data-saferedirecturl=\"https:\/\/www.google.com\/url?q=https:\/\/joaopessoa.pb.leg.br\/especialistas-e-populares-debatem-plano-diretor-na-cmjp\/&amp;source=gmail&amp;ust=1735133776074000&amp;usg=AOvVaw3VeOhtF9nVEHcPRJQXgXgO\">\u00a0populares<\/a>\u00a0debatendo o tema. A revis\u00e3o do documento foi<a href=\"https:\/\/joaopessoa.pb.leg.br\/cmjp-aprova-revisao-do-plano-diretor-de-joao-pessoa\/\" target=\"_blank\" rel=\"noopener\" data-saferedirecturl=\"https:\/\/www.google.com\/url?q=https:\/\/joaopessoa.pb.leg.br\/cmjp-aprova-revisao-do-plano-diretor-de-joao-pessoa\/&amp;source=gmail&amp;ust=1735133776074000&amp;usg=AOvVaw3ZLvdY0QAdGuhtyB7TIklH\">\u00a0aprovada<\/a>\u00a0ainda em 2023 e in\u00edcio de 2024 foi<a href=\"https:\/\/joaopessoa.pb.leg.br\/cmjp-aprova-lei-de-zoneamento-uso-e-ocupacao-do-solo\/\" target=\"_blank\" rel=\"noopener\" data-saferedirecturl=\"https:\/\/www.google.com\/url?q=https:\/\/joaopessoa.pb.leg.br\/cmjp-aprova-lei-de-zoneamento-uso-e-ocupacao-do-solo\/&amp;source=gmail&amp;ust=1735133776074000&amp;usg=AOvVaw1IeZn7nHaC1PfEC7OObC_1\">\u00a0aprovada<\/a>\u00a0a Lei de Zoneamento, Uso e Ocupa\u00e7\u00e3o do Solo.<\/div>\n<div><\/div>\n<div><b>Conalec e encontro de vereadores<\/b><\/div>\n<div><\/div>\n<div>Em 2022, a CMJP<a href=\"https:\/\/joaopessoa.pb.leg.br\/em-2022-capital-sediou-maior-encontro-de-vereadores-do-pais\/\" target=\"_blank\" rel=\"noopener\" data-saferedirecturl=\"https:\/\/www.google.com\/url?q=https:\/\/joaopessoa.pb.leg.br\/em-2022-capital-sediou-maior-encontro-de-vereadores-do-pais\/&amp;source=gmail&amp;ust=1735133776074000&amp;usg=AOvVaw1ySKQupHi7bhD9lHF-lJlW\">\u00a0promoveu<\/a>\u00a0dois dos maiores eventos voltados para a atua\u00e7\u00e3o do vereador mirim: 2\u00ba Encontro do Conselho Nacional do Poder Legislativo Municipal das Capitais (Conalec) e o 1\u00ba Encontro Paraibano de C\u00e2maras Municipais. Os eventos reuniram representantes de 187 munic\u00edpios paraibanos e de 16 capitais do pa\u00eds a fim de fortalecer o parlamento mirim do Brasil.<\/div>\n<div><\/div>\n<div><b>CPI da Banda Larga<\/b><\/div>\n<div><\/div>\n<div>Em 2021, a CMJP<a href=\"https:\/\/joaopessoa.pb.leg.br\/em-2021-cpi-da-banda-larga-discutiu-relacao-entre-consumidores-e-provedores\/\" target=\"_blank\" rel=\"noopener\" data-saferedirecturl=\"https:\/\/www.google.com\/url?q=https:\/\/joaopessoa.pb.leg.br\/em-2021-cpi-da-banda-larga-discutiu-relacao-entre-consumidores-e-provedores\/&amp;source=gmail&amp;ust=1735133776074000&amp;usg=AOvVaw0R0JjwhlJt7GmA6six5L_w\">\u00a0investigou<\/a>\u00a0a rela\u00e7\u00e3o entre consumidor e provedor de internet com a instala\u00e7\u00e3o da Comiss\u00e3o Parlamentar de Inqu\u00e9rito (CPI) da Banda Larga. A Comiss\u00e3o analisou ainda a qualidade da presta\u00e7\u00e3o de servi\u00e7os fornecidos por empresas provedoras de internet com atua\u00e7\u00e3o na capital da Para\u00edba, com a realiza\u00e7\u00e3o de audi\u00eancias p\u00fablicas ouvindo prestadores de servi\u00e7os e consumidores. O relat\u00f3rio, realizado pelo vereador Odon Bezerra (PSB), constatou m\u00e1 presta\u00e7\u00e3o de servi\u00e7o de empresas, abusos contratuais e inseguran\u00e7a nas vias p\u00fablicas. Como resultado da CPI, foi criado<a href=\"https:\/\/joaopessoa.pb.leg.br\/apos-cpi-vereadores-criam-projeto-para-ordenamento-de-fios-em-postes-na-capital\/\" target=\"_blank\" rel=\"noopener\" data-saferedirecturl=\"https:\/\/www.google.com\/url?q=https:\/\/joaopessoa.pb.leg.br\/apos-cpi-vereadores-criam-projeto-para-ordenamento-de-fios-em-postes-na-capital\/&amp;source=gmail&amp;ust=1735133776074000&amp;usg=AOvVaw2XC4d5Fe_dVprXISM6WU0w\">\u00a0Projeto de Lei<\/a>\u00a0para o reordenamento de fios em postes da Capital e em 2023 mais de<a href=\"https:\/\/joaopessoa.pb.leg.br\/cpi-da-banda-larga-mais-de-cinco-toneladas-de-fios-inoperantes-sao-retirados-de-bairros-do-litoral\/\" target=\"_blank\" rel=\"noopener\" data-saferedirecturl=\"https:\/\/www.google.com\/url?q=https:\/\/joaopessoa.pb.leg.br\/cpi-da-banda-larga-mais-de-cinco-toneladas-de-fios-inoperantes-sao-retirados-de-bairros-do-litoral\/&amp;source=gmail&amp;ust=1735133776074000&amp;usg=AOvVaw1OF5RMb28abaUIhxNwsp9q\">\u00a0cinco toneladas<\/a>\u00a0de fios inoperantes foram retirados de bairros do litoral.<\/div>\n<div><\/div>\n<div><b>Frente Parlamentar da Mobilidade Urbana<\/b><\/div>\n<div><\/div>\n<div>A Frente Parlamentar em Defesa da Mobilidade Urbana realizou uma s\u00e9rie de a\u00e7\u00f5es com visitas em pontos cr\u00edticos de congestionamentos da cidade para a proposi\u00e7\u00e3o de solu\u00e7\u00f5es. A<a href=\"https:\/\/antigo.joaopessoa.pb.leg.br\/imprensa\/noticias\/mobilidade-urbana-frente-parlamentar-da-cmjp-inaugura-serie-de-acoes-no-bairro-aeroclube\" target=\"_blank\" rel=\"noopener\" data-saferedirecturl=\"https:\/\/www.google.com\/url?q=https:\/\/antigo.joaopessoa.pb.leg.br\/imprensa\/noticias\/mobilidade-urbana-frente-parlamentar-da-cmjp-inaugura-serie-de-acoes-no-bairro-aeroclube&amp;source=gmail&amp;ust=1735133776074000&amp;usg=AOvVaw18FDf1hd9EPAslAmgcehtr\">\u00a0primeira<\/a><a href=\"https:\/\/antigo.joaopessoa.pb.leg.br\/imprensa\/noticias\/frente-de-mobilidade-urbana-analisa-transito-na-saida-do-bairro-aeroclube\" target=\"_blank\" rel=\"noopener\" data-saferedirecturl=\"https:\/\/www.google.com\/url?q=https:\/\/antigo.joaopessoa.pb.leg.br\/imprensa\/noticias\/frente-de-mobilidade-urbana-analisa-transito-na-saida-do-bairro-aeroclube&amp;source=gmail&amp;ust=1735133776074000&amp;usg=AOvVaw2LJ5bMVG7Ng9fjRonAWEU1\">\u00a0a\u00e7\u00e3o<\/a>\u00a0foi feita em 2021 em um local considerado um gargalo do tr\u00e2nsito por ser a sa\u00edda dos bairros do Bessa, Aeroclube e Jardim Oceania. Dentre os locais visitados pela frente<a href=\"https:\/\/antigo.joaopessoa.pb.leg.br\/imprensa\/noticias\/radio-camara-vereador-presta-contas-do-mandato-no-programa-acao-parlamentar-1\" target=\"_blank\" rel=\"noopener\" data-saferedirecturl=\"https:\/\/www.google.com\/url?q=https:\/\/antigo.joaopessoa.pb.leg.br\/imprensa\/noticias\/radio-camara-vereador-presta-contas-do-mandato-no-programa-acao-parlamentar-1&amp;source=gmail&amp;ust=1735133776074000&amp;usg=AOvVaw2UDpIqPGuGQGfCebgMgZxF\">\u00a0est\u00e3o<\/a>: Parque Solon de Lucena, entrada do bairro<a href=\"https:\/\/antigo.joaopessoa.pb.leg.br\/imprensa\/noticias\/frente-da-mobilidade-urbana-visita-entrada-do-valentina-figueiredo\" target=\"_blank\" rel=\"noopener\" data-saferedirecturl=\"https:\/\/www.google.com\/url?q=https:\/\/antigo.joaopessoa.pb.leg.br\/imprensa\/noticias\/frente-da-mobilidade-urbana-visita-entrada-do-valentina-figueiredo&amp;source=gmail&amp;ust=1735133776074000&amp;usg=AOvVaw1LpT8lQz8pqEM09MguJ9-F\">\u00a0Valentina<\/a>, avenida<a href=\"https:\/\/joaopessoa.pb.leg.br\/frente-de-mobilidade-urbana-propoe-melhorias-para-avenida-tancredo-neves\/\" target=\"_blank\" rel=\"noopener\" data-saferedirecturl=\"https:\/\/www.google.com\/url?q=https:\/\/joaopessoa.pb.leg.br\/frente-de-mobilidade-urbana-propoe-melhorias-para-avenida-tancredo-neves\/&amp;source=gmail&amp;ust=1735133776074000&amp;usg=AOvVaw0Q4ioECAhdW25LfoEG9k5W\">\u00a0Tancredo Neves<\/a>\u00a0e a \u00e1rea de<a href=\"https:\/\/joaopessoa.pb.leg.br\/frente-de-mobilidade-urbana-inspeciona-area-de-binario-no-bairro-das-industrias\/\" target=\"_blank\" rel=\"noopener\" data-saferedirecturl=\"https:\/\/www.google.com\/url?q=https:\/\/joaopessoa.pb.leg.br\/frente-de-mobilidade-urbana-inspeciona-area-de-binario-no-bairro-das-industrias\/&amp;source=gmail&amp;ust=1735133776074000&amp;usg=AOvVaw2xUpM9VUVzwsPobyc5Cd0c\">\u00a0bin\u00e1rio<\/a>\u00a0no Bairro das Ind\u00fastrias. Al\u00e9m disso, a Frente tamb\u00e9m realizou<a href=\"https:\/\/antigo.joaopessoa.pb.leg.br\/imprensa\/noticias\/zona-dos-ipes-novo-projeto-de-estacionamento-rotativo-e-apresentado-na-cmjp\" target=\"_blank\" rel=\"noopener\" data-saferedirecturl=\"https:\/\/www.google.com\/url?q=https:\/\/antigo.joaopessoa.pb.leg.br\/imprensa\/noticias\/zona-dos-ipes-novo-projeto-de-estacionamento-rotativo-e-apresentado-na-cmjp&amp;source=gmail&amp;ust=1735133776074000&amp;usg=AOvVaw0gLlwsmv3OWCp5W0aHWG0E\">\u00a0sess\u00e3o especial<\/a>\u00a0de apresenta\u00e7\u00e3o de projeto que prop\u00f5e a ordena\u00e7\u00e3o de vagas e estacionamento rotativo substituto da Zona Azul.<\/div>\n<div><\/div>\n<div><b>Sabatina com candidatos<\/b><\/div>\n<div><\/div>\n<div>No per\u00edodo de elei\u00e7\u00f5es de 2022, a CMJP promoveu uma<a href=\"https:\/\/joaopessoa.pb.leg.br\/em-2022-camara-inovou-promovendo-sabatinas-com-os-candidatos-ao-governo-da-pb\/\" target=\"_blank\" rel=\"noopener\" data-saferedirecturl=\"https:\/\/www.google.com\/url?q=https:\/\/joaopessoa.pb.leg.br\/em-2022-camara-inovou-promovendo-sabatinas-com-os-candidatos-ao-governo-da-pb\/&amp;source=gmail&amp;ust=1735133776074000&amp;usg=AOvVaw2WGckwXapALCmtgbstiSnz\">\u00a0s\u00e9rie<\/a>\u00a0de sabatinas com os candidatos ao governo do Estado no Plen\u00e1rio da Casa e transmitida pela TV C\u00e2mara. Ao todo, seis postulantes ao cargo foram indagados sobre suas propostas para a Para\u00edba e assinaram a \u201c<a href=\"https:\/\/joaopessoa.pb.leg.br\/vereadores-elaboram-carta-de-joao-pessoa-para-candidatos-ao-governo-do-estado\/\" target=\"_blank\" rel=\"noopener\" data-saferedirecturl=\"https:\/\/www.google.com\/url?q=https:\/\/joaopessoa.pb.leg.br\/vereadores-elaboram-carta-de-joao-pessoa-para-candidatos-ao-governo-do-estado\/&amp;source=gmail&amp;ust=1735133776074000&amp;usg=AOvVaw0C9PqOxaLJ1mMEXXYA0xEF\">Carta de Jo\u00e3o Pessoa<\/a>\u201d, assumindo compromissos com os destinos da cidade.<\/div>\n<div><\/div>\n<div>Ainda foram destaques nesta Legislatura: a realiza\u00e7\u00e3o de<a href=\"https:\/\/antigo.joaopessoa.pb.leg.br\/projecoes-em-predios-alertam-para-manter-cuidados-contra-a-covid-19\" target=\"_blank\" rel=\"noopener\" data-saferedirecturl=\"https:\/\/www.google.com\/url?q=https:\/\/antigo.joaopessoa.pb.leg.br\/projecoes-em-predios-alertam-para-manter-cuidados-contra-a-covid-19&amp;source=gmail&amp;ust=1735133776074000&amp;usg=AOvVaw0IXwG_BOl4qA5CmsHnI9kq\">\u00a0campanha<\/a>\u00a0de alerta sobre os cuidados contra a Covid-19, com proje\u00e7\u00f5es de mensagens iluminadas em pr\u00e9dios pela Capital, em 2021.<a href=\"https:\/\/joaopessoa.pb.leg.br\/solenidade-prestigiada-e-homenagens-marcam-75-anos-da-cmjp\/\" target=\"_blank\" rel=\"noopener\" data-saferedirecturl=\"https:\/\/www.google.com\/url?q=https:\/\/joaopessoa.pb.leg.br\/solenidade-prestigiada-e-homenagens-marcam-75-anos-da-cmjp\/&amp;source=gmail&amp;ust=1735133776074000&amp;usg=AOvVaw17IJIgfVfjPdXODyaNjXCn\">\u00a0solenidade<\/a>\u00a0de anivers\u00e1rio de 75 anos da CMJP, com<a href=\"https:\/\/joaopessoa.pb.leg.br\/exposicoes-em-comemoracao-aos-75-anos-da-cmjp-sao-abertas-nesta-segunda-feira-14\/\" target=\"_blank\" rel=\"noopener\" data-saferedirecturl=\"https:\/\/www.google.com\/url?q=https:\/\/joaopessoa.pb.leg.br\/exposicoes-em-comemoracao-aos-75-anos-da-cmjp-sao-abertas-nesta-segunda-feira-14\/&amp;source=gmail&amp;ust=1735133776074000&amp;usg=AOvVaw09Q2cwpF9HtQQ-xe_debwV\">\u00a0exposi\u00e7\u00f5es<\/a>, lan\u00e7amento de<a href=\"https:\/\/joaopessoa.pb.leg.br\/exposicoes-em-comemoracao-aos-75-anos-da-cmjp-sao-abertas-nesta-segunda-feira-14\/\" target=\"_blank\" rel=\"noopener\" data-saferedirecturl=\"https:\/\/www.google.com\/url?q=https:\/\/joaopessoa.pb.leg.br\/exposicoes-em-comemoracao-aos-75-anos-da-cmjp-sao-abertas-nesta-segunda-feira-14\/&amp;source=gmail&amp;ust=1735133776074000&amp;usg=AOvVaw09Q2cwpF9HtQQ-xe_debwV\">\u00a0livro<\/a>\u00a0e<a href=\"https:\/\/joaopessoa.pb.leg.br\/serie-documental-conta-a-historia-de-joao-pessoa-a-partir-das-leis-aprovadas-na-cmjp\/\" target=\"_blank\" rel=\"noopener\" data-saferedirecturl=\"https:\/\/www.google.com\/url?q=https:\/\/joaopessoa.pb.leg.br\/serie-documental-conta-a-historia-de-joao-pessoa-a-partir-das-leis-aprovadas-na-cmjp\/&amp;source=gmail&amp;ust=1735133776074000&amp;usg=AOvVaw3m2x6XFNEULwKw-ooloY-i\">\u00a0s\u00e9rie documental<\/a>, em 2022; a<a href=\"https:\/\/joaopessoa.pb.leg.br\/tv-camara-de-joao-pessoa-comemora-20-anos-em-solenidade-prestigiada-e-de-resgate-da-memoria\/\" target=\"_blank\" rel=\"noopener\" data-saferedirecturl=\"https:\/\/www.google.com\/url?q=https:\/\/joaopessoa.pb.leg.br\/tv-camara-de-joao-pessoa-comemora-20-anos-em-solenidade-prestigiada-e-de-resgate-da-memoria\/&amp;source=gmail&amp;ust=1735133776074000&amp;usg=AOvVaw1o2pYLMCb4mF2sbJI78Fsb\">\u00a0comemora\u00e7\u00e3o<\/a>\u00a0dos 20 anos da TV C\u00e2mara, em 2023;<a href=\"https:\/\/joaopessoa.pb.leg.br\/cmjp-promove-acao-do-maio-amarelo-com-simulacao-de-acidentes-na-capital\/\" target=\"_blank\" rel=\"noopener\" data-saferedirecturl=\"https:\/\/www.google.com\/url?q=https:\/\/joaopessoa.pb.leg.br\/cmjp-promove-acao-do-maio-amarelo-com-simulacao-de-acidentes-na-capital\/&amp;source=gmail&amp;ust=1735133776074000&amp;usg=AOvVaw373kRvkVw6sm2-TWsg8u80\">\u00a0a\u00e7\u00e3o<\/a>\u00a0do Maio Amarelo de conscientiza\u00e7\u00e3o sobre seguran\u00e7a no tr\u00e2nsito, com simula\u00e7\u00e3o de acidentes pela Capital; promo\u00e7\u00e3o de<a href=\"https:\/\/joaopessoa.pb.leg.br\/cmjp-celebra-439-anos-de-joao-pessoa-promovendo-passeio-ciclistico-pelo-centro-historico\/\" target=\"_blank\" rel=\"noopener\" data-saferedirecturl=\"https:\/\/www.google.com\/url?q=https:\/\/joaopessoa.pb.leg.br\/cmjp-celebra-439-anos-de-joao-pessoa-promovendo-passeio-ciclistico-pelo-centro-historico\/&amp;source=gmail&amp;ust=1735133776074000&amp;usg=AOvVaw1-L6htL74yAh2dMCJPXnPz\">\u00a0passeio cicl\u00edstico<\/a>\u00a0em comemora\u00e7\u00e3o pelos 439 anos da Capital, com a<a href=\"https:\/\/joaopessoa.pb.leg.br\/donativos-arrecadados-durante-passeio-ciclistico-no-centro-historico-sao-entregues\/\" target=\"_blank\" rel=\"noopener\" data-saferedirecturl=\"https:\/\/www.google.com\/url?q=https:\/\/joaopessoa.pb.leg.br\/donativos-arrecadados-durante-passeio-ciclistico-no-centro-historico-sao-entregues\/&amp;source=gmail&amp;ust=1735133776074000&amp;usg=AOvVaw0VfzGiyWTo030CsRkvlXX3\">\u00a0arrecada\u00e7\u00e3o<\/a>\u00a0de alimentos, em 2024;<a href=\"https:\/\/antigo.joaopessoa.pb.leg.br\/imprensa\/noticias\/procurador-da-republica-destaca-importancia-do-1o-forum-anticorrupcao-na-cmjp\" target=\"_blank\" rel=\"noopener\" data-saferedirecturl=\"https:\/\/www.google.com\/url?q=https:\/\/antigo.joaopessoa.pb.leg.br\/imprensa\/noticias\/procurador-da-republica-destaca-importancia-do-1o-forum-anticorrupcao-na-cmjp&amp;source=gmail&amp;ust=1735133776074000&amp;usg=AOvVaw3UTunONFqOOvQnNvyNHdNP\">\u00a0realiza\u00e7\u00e3o<\/a>\u00a0do I F\u00f3rum Anticorrup\u00e7\u00e3o da C\u00e2mara de Jo\u00e3o Pessoa, e<a href=\"https:\/\/antigo.joaopessoa.pb.leg.br\/extranet\/dezenas-de-ciclistas-atendem-a-convite-da-cmjp-e-pedalam-contra-a-corrupcao\" target=\"_blank\" rel=\"noopener\" data-saferedirecturl=\"https:\/\/www.google.com\/url?q=https:\/\/antigo.joaopessoa.pb.leg.br\/extranet\/dezenas-de-ciclistas-atendem-a-convite-da-cmjp-e-pedalam-contra-a-corrupcao&amp;source=gmail&amp;ust=1735133776074000&amp;usg=AOvVaw03gFjdIpTAAbl6Lp6S3vDX\">\u00a0passeio cicl\u00edstico<\/a>\u00a0contra a corrup\u00e7\u00e3o, em 2021.<\/div>\n","protected":false},"excerpt":{"rendered":"<p>A \u00faltima Legislatura da C\u00e2mara Municipal de Jo\u00e3o Pessoa (CMJP), que atuou de 2020 a 2024, composta por 27 vereadores, trouxe desenvolvimento para a cidade em v\u00e1rias \u00e1reas e mais aproxima\u00e7\u00e3o com o pessoense, sendo destaques as a\u00e7\u00f5es de impulsionamento do Centro Hist\u00f3rico, as audi\u00eancias p\u00fablicas pela cidade com o C\u00e2mara no Seu bairro e &hellip;<\/p>\n","protected":false},"author":1,"featured_media":112760,"comment_status":"open","ping_status":"open","sticky":false,"template":"","format":"standard","meta":{"footnotes":""},"categories":[8],"tags":[],"class_list":["post-134219","post","type-post","status-publish","format-standard","has-post-thumbnail","hentry","category-politica"],"_links":{"self":[{"href":"https:\/\/iparaiba.com.br\/index.php\/wp-json\/wp\/v2\/posts\/134219","targetHints":{"allow":["GET"]}}],"collection":[{"href":"https:\/\/iparaiba.com.br\/index.php\/wp-json\/wp\/v2\/posts"}],"about":[{"href":"https:\/\/iparaiba.com.br\/index.php\/wp-json\/wp\/v2\/types\/post"}],"author":[{"embeddable":true,"href":"https:\/\/iparaiba.com.br\/index.php\/wp-json\/wp\/v2\/users\/1"}],"replies":[{"embeddable":true,"href":"https:\/\/iparaiba.com.br\/index.php\/wp-json\/wp\/v2\/comments?post=134219"}],"version-history":[{"count":1,"href":"https:\/\/iparaiba.com.br\/index.php\/wp-json\/wp\/v2\/posts\/134219\/revisions"}],"predecessor-version":[{"id":134244,"href":"https:\/\/iparaiba.com.br\/index.php\/wp-json\/wp\/v2\/posts\/134219\/revisions\/134244"}],"wp:featuredmedia":[{"embeddable":true,"href":"https:\/\/iparaiba.com.br\/index.php\/wp-json\/wp\/v2\/media\/112760"}],"wp:attachment":[{"href":"https:\/\/iparaiba.com.br\/index.php\/wp-json\/wp\/v2\/media?parent=134219"}],"wp:term":[{"taxonomy":"category","embeddable":true,"href":"https:\/\/iparaiba.com.br\/index.php\/wp-json\/wp\/v2\/categories?post=134219"},{"taxonomy":"post_tag","embeddable":true,"href":"https:\/\/iparaiba.com.br\/index.php\/wp-json\/wp\/v2\/tags?post=134219"}],"curies":[{"name":"wp","href":"https:\/\/api.w.org\/{rel}","templated":true}]}}