{"id":134198,"date":"2024-12-21T06:00:57","date_gmt":"2024-12-21T09:00:57","guid":{"rendered":"https:\/\/onordeste.com.br\/?p=134183"},"modified":"2024-12-21T06:00:57","modified_gmt":"2024-12-21T09:00:57","slug":"vai-a-sancao-projeto-que-equipara-diabetes-tipo-1-a-deficiencia","status":"publish","type":"post","link":"https:\/\/iparaiba.com.br\/index.php\/2024\/12\/21\/vai-a-sancao-projeto-que-equipara-diabetes-tipo-1-a-deficiencia\/","title":{"rendered":"Vai \u00e0 san\u00e7\u00e3o projeto que equipara diabetes tipo 1 a defici\u00eancia"},"content":{"rendered":"<p>O Plen\u00e1rio aprovou nesta quarta-feira (18) o projeto de lei que equipara o diabetes mellitus tipo 1 a uma defici\u00eancia para efeitos legais (<a href=\"https:\/\/www25.senado.leg.br\/web\/atividade\/materias\/-\/materia\/161827\" target=\"_blank\" rel=\"noopener\">PL 2.687\/2022<\/a>). A proposta vai \u00e0 san\u00e7\u00e3o.<\/p>\n<p>Aprovado pela <a href=\"https:\/\/legis.senado.leg.br\/atividade\/comissoes\/comissao\/40\/\" target=\"_blank\" rel=\"noopener\">Comiss\u00e3o de Assuntos Sociais (CAS)<\/a> no \u00faltimo dia 11, o projeto teve origem na C\u00e2mara dos Deputados e prev\u00ea que valer\u00e3o para quem tem diabetes tipo 1 as mesmas regras j\u00e1 previstas para pessoas com defici\u00eancia, conforme estabelecido pelo <a href=\"https:\/\/normas.leg.br\/?urn=urn:lex:br:federal:lei:2015-07-06;13146\" target=\"_blank\" rel=\"noopener\">Estatuto da Pessoa com Defici\u00eancia<\/a>.<\/p>\n<p>De acordo com esse estatuto, a avalia\u00e7\u00e3o para constatar a defici\u00eancia \u00e9 biopsicossocial e deve ser realizada por equipe multiprofissional e interdisciplinar. Considera-se pessoa com defici\u00eancia aquela que tem impedimento de longo prazo de natureza f\u00edsica, mental, intelectual ou sensorial que dificulta sua participa\u00e7\u00e3o na sociedade em igualdade de condi\u00e7\u00f5es com as demais pessoas.<\/p>\n<p>Na avalia\u00e7\u00e3o, o estatuto determina que sejam verificados:<\/p>\n<ul>\n<li>os impedimentos nas fun\u00e7\u00f5es e nas estruturas do corpo;<\/li>\n<li>os fatores socioambientais, psicol\u00f3gicos e pessoais;<\/li>\n<li>a limita\u00e7\u00e3o no desempenho de atividades; e<\/li>\n<li>a restri\u00e7\u00e3o de participa\u00e7\u00e3o.<\/li>\n<\/ul>\n<p>Caber\u00e1 ao Poder Executivo criar instrumentos para a avalia\u00e7\u00e3o, da mesma forma como j\u00e1 \u00e9 previsto para as defici\u00eancias.<\/p>\n<p>No Brasil, entre as pessoas com diabetes, estima-se que de 5% a 10% tenham a do tipo 1. Segundo a Sociedade Brasileira de Diabetes (SBD), o diabetes tipo 1 &#8220;\u00e9\u00a0 tratado com insulina, medicamentos, planejamento alimentar e atividades f\u00edsicas, para ajudar a controlar o n\u00edvel de glicose no sangue&#8221;.<\/p>\n<p>O senador Alessandro Vieira (MDB-SE) foi o relator do projeto. Ao defender a iniciativa na CAS, ele citou estudo publicado na revista <i>The Lancet<\/i>, em 2022, segundo o qual um em cada nove brasileiros com diabetes tipo 1 morre por n\u00e3o receber o diagn\u00f3stico correto e por n\u00e3o ter acesso ao tratamento com a insulina.<\/p>\n<p>\u2014\u00a0 O projeto faz justi\u00e7a a fam\u00edlias pelo Brasil todo. O Brasil tem aproximadamente 600 mil pessoas que sofrem com a diabetes do tipo 1. Nossa expectativa \u00e9 que essas pessoas tenham finalmente a aten\u00e7\u00e3o do estado \u2014 disse Alessandro.<\/p>\n<p>Pa\u00edses como Estados Unidos, Reino Unido, Espanha e Alemanha j\u00e1 classificam o diabetes tipo 1 como defici\u00eancia. A Federa\u00e7\u00e3o Internacional de Diabetes estima que o Brasil ocupe o 6\u00ba lugar no mundo entre os pa\u00edses com mais pessoas com diabetes no geral e o 3\u00ba lugar quando se trata de diabetes tipo 1.<\/p>\n<p>Ag\u00eancia Senado<\/p>\n","protected":false},"excerpt":{"rendered":"<p>O Plen\u00e1rio aprovou nesta quarta-feira (18) o projeto de lei que equipara o diabetes mellitus tipo 1 a uma defici\u00eancia para efeitos legais (PL 2.687\/2022). A proposta vai \u00e0 san\u00e7\u00e3o. Aprovado pela Comiss\u00e3o de Assuntos Sociais (CAS) no \u00faltimo dia 11, o projeto teve origem na C\u00e2mara dos Deputados e prev\u00ea que valer\u00e3o para quem &hellip;<\/p>\n","protected":false},"author":1,"featured_media":123337,"comment_status":"open","ping_status":"open","sticky":false,"template":"","format":"standard","meta":{"footnotes":""},"categories":[2],"tags":[],"class_list":["post-134198","post","type-post","status-publish","format-standard","has-post-thumbnail","hentry","category-saude"],"_links":{"self":[{"href":"https:\/\/iparaiba.com.br\/index.php\/wp-json\/wp\/v2\/posts\/134198","targetHints":{"allow":["GET"]}}],"collection":[{"href":"https:\/\/iparaiba.com.br\/index.php\/wp-json\/wp\/v2\/posts"}],"about":[{"href":"https:\/\/iparaiba.com.br\/index.php\/wp-json\/wp\/v2\/types\/post"}],"author":[{"embeddable":true,"href":"https:\/\/iparaiba.com.br\/index.php\/wp-json\/wp\/v2\/users\/1"}],"replies":[{"embeddable":true,"href":"https:\/\/iparaiba.com.br\/index.php\/wp-json\/wp\/v2\/comments?post=134198"}],"version-history":[{"count":1,"href":"https:\/\/iparaiba.com.br\/index.php\/wp-json\/wp\/v2\/posts\/134198\/revisions"}],"predecessor-version":[{"id":134213,"href":"https:\/\/iparaiba.com.br\/index.php\/wp-json\/wp\/v2\/posts\/134198\/revisions\/134213"}],"wp:featuredmedia":[{"embeddable":true,"href":"https:\/\/iparaiba.com.br\/index.php\/wp-json\/wp\/v2\/media\/123337"}],"wp:attachment":[{"href":"https:\/\/iparaiba.com.br\/index.php\/wp-json\/wp\/v2\/media?parent=134198"}],"wp:term":[{"taxonomy":"category","embeddable":true,"href":"https:\/\/iparaiba.com.br\/index.php\/wp-json\/wp\/v2\/categories?post=134198"},{"taxonomy":"post_tag","embeddable":true,"href":"https:\/\/iparaiba.com.br\/index.php\/wp-json\/wp\/v2\/tags?post=134198"}],"curies":[{"name":"wp","href":"https:\/\/api.w.org\/{rel}","templated":true}]}}