{"id":134196,"date":"2024-12-20T18:17:22","date_gmt":"2024-12-20T21:17:22","guid":{"rendered":"https:\/\/onordeste.com.br\/?p=134179"},"modified":"2024-12-20T18:17:22","modified_gmt":"2024-12-20T21:17:22","slug":"criancas-e-adolescentes-das-casas-da-esperanca-realizam-cantata-natalina","status":"publish","type":"post","link":"https:\/\/iparaiba.com.br\/index.php\/2024\/12\/20\/criancas-e-adolescentes-das-casas-da-esperanca-realizam-cantata-natalina\/","title":{"rendered":"Crian\u00e7as e adolescentes das Casas da Esperan\u00e7a realizam cantata natalina"},"content":{"rendered":"<p style=\"font-weight: 400;\">Crian\u00e7as e adolescentes da Casa da Esperan\u00e7a 4, da Prefeitura de Campina Grande, por meio da Secretaria Municipal de Assist\u00eancia Social (Semas), realizaram uma Cantata Natalina na Vara da Inf\u00e2ncia e Juventude de Campina Grande, em evento realizado pelo \u00f3rg\u00e3o na noite dessa ter\u00e7a-feira, 17. A a\u00e7\u00e3o aconteceu com o apoio da Secretaria e do Conselho Municipal de Direitos e Defesa das Crian\u00e7as e Adolescentes (CMDDCA), com o objetivo de integrar as crian\u00e7as nas a\u00e7\u00f5es natalinas da cidade.<\/p>\n<p style=\"font-weight: 400;\">Na ocasi\u00e3o, 31 crian\u00e7as apresentaram v\u00e1rias m\u00fasicas de Natal, acompanhadas pelo maestro e professor de m\u00fasica Lemuel Guerra, da Universidade Federal de Campina Grande (UFCG), que colaborou com a a\u00e7\u00e3o desde os ensaios. Na oportunidade, as crian\u00e7as e adolescentes tamb\u00e9m tiveram um momento para conhecer o Papai Noel, que estava no local em um tren\u00f3 cenogr\u00e1fico e cantou m\u00fasicas junto ao p\u00fablico no espa\u00e7o.<\/p>\n<p style=\"font-weight: 400;\">Para Simone Gon\u00e7alves, de 14 anos, o conjunto do evento foi muito especial para ela. \u201cEu amei participar desse momento, foi uma experi\u00eancia maravilhosa, porque eu nunca havia me apresentado em uma cantata e nem tinha conhecido o Papai Noel. Eu achei tudo lindo, e apesar do nervosismo, \u00e9 algo de que sempre me lembrarei com carinho\u201d, disse a menina.<\/p>\n<p style=\"font-weight: 400;\">Segundo a diretora Ana Cleide Rontondano, da Diretoria de Prote\u00e7\u00e3o Especial de M\u00e9dia e Alta Complexidade da Semas, a a\u00e7\u00e3o foi muito importante. \u201cReunimos os acolhidos de todas as casas de acolhimento para prestigiarem o evento, mesmo os que n\u00e3o se apresentaram. Essa \u00e9 uma forma de nos confraternizar nesse per\u00edodo natalino, fortalecendo o esp\u00edrito do Natal e os v\u00ednculos das crian\u00e7as com nossas equipes e as da Vara da Inf\u00e2ncia\u201d, afirmou a diretora.<\/p>\n<p style=\"font-weight: 400;\">O juiz Perilo Lucena, da Vara da Inf\u00e2ncia, tamb\u00e9m abordou sobre a a\u00e7\u00e3o. \u201cAlgumas coisas podem parecer simples para a gente, mas esse evento, para crian\u00e7as em situa\u00e7\u00e3o de acolhimento, \u00e9 uma oportunidade. Muitas delas nunca viram o Papai Noel ou algu\u00e9m se apresentar em uma cantata e muito menos se apresentaram para o p\u00fablico. N\u00f3s s\u00f3 temos que agradecer a todos que contribu\u00edram para tornar esse momento especial para cada uma delas\u201d, concluiu o ju\u00edz.<\/p>\n","protected":false},"excerpt":{"rendered":"<p>Crian\u00e7as e adolescentes da Casa da Esperan\u00e7a 4, da Prefeitura de Campina Grande, por meio da Secretaria Municipal de Assist\u00eancia Social (Semas), realizaram uma Cantata Natalina na Vara da Inf\u00e2ncia e Juventude de Campina Grande, em evento realizado pelo \u00f3rg\u00e3o na noite dessa ter\u00e7a-feira, 17. A a\u00e7\u00e3o aconteceu com o apoio da Secretaria e do &hellip;<\/p>\n","protected":false},"author":1,"featured_media":116741,"comment_status":"open","ping_status":"open","sticky":false,"template":"","format":"standard","meta":{"footnotes":""},"categories":[4],"tags":[],"class_list":["post-134196","post","type-post","status-publish","format-standard","has-post-thumbnail","hentry","category-cultura"],"_links":{"self":[{"href":"https:\/\/iparaiba.com.br\/index.php\/wp-json\/wp\/v2\/posts\/134196","targetHints":{"allow":["GET"]}}],"collection":[{"href":"https:\/\/iparaiba.com.br\/index.php\/wp-json\/wp\/v2\/posts"}],"about":[{"href":"https:\/\/iparaiba.com.br\/index.php\/wp-json\/wp\/v2\/types\/post"}],"author":[{"embeddable":true,"href":"https:\/\/iparaiba.com.br\/index.php\/wp-json\/wp\/v2\/users\/1"}],"replies":[{"embeddable":true,"href":"https:\/\/iparaiba.com.br\/index.php\/wp-json\/wp\/v2\/comments?post=134196"}],"version-history":[{"count":1,"href":"https:\/\/iparaiba.com.br\/index.php\/wp-json\/wp\/v2\/posts\/134196\/revisions"}],"predecessor-version":[{"id":134211,"href":"https:\/\/iparaiba.com.br\/index.php\/wp-json\/wp\/v2\/posts\/134196\/revisions\/134211"}],"wp:featuredmedia":[{"embeddable":true,"href":"https:\/\/iparaiba.com.br\/index.php\/wp-json\/wp\/v2\/media\/116741"}],"wp:attachment":[{"href":"https:\/\/iparaiba.com.br\/index.php\/wp-json\/wp\/v2\/media?parent=134196"}],"wp:term":[{"taxonomy":"category","embeddable":true,"href":"https:\/\/iparaiba.com.br\/index.php\/wp-json\/wp\/v2\/categories?post=134196"},{"taxonomy":"post_tag","embeddable":true,"href":"https:\/\/iparaiba.com.br\/index.php\/wp-json\/wp\/v2\/tags?post=134196"}],"curies":[{"name":"wp","href":"https:\/\/api.w.org\/{rel}","templated":true}]}}