{"id":134193,"date":"2024-12-20T12:10:47","date_gmt":"2024-12-20T15:10:47","guid":{"rendered":"https:\/\/onordeste.com.br\/?p=134172"},"modified":"2024-12-20T12:10:47","modified_gmt":"2024-12-20T15:10:47","slug":"andes-sn-lanca-serie-em-defesa-da-previdencia-social","status":"publish","type":"post","link":"https:\/\/iparaiba.com.br\/index.php\/2024\/12\/20\/andes-sn-lanca-serie-em-defesa-da-previdencia-social\/","title":{"rendered":"ANDES-SN lan\u00e7a s\u00e9rie \u2018Em Defesa da Previd\u00eancia Social\u2019"},"content":{"rendered":"<p>O ANDES-SN lan\u00e7ou a s\u00e9rie de v\u00eddeos \u201cEm Defesa da Previd\u00eancia Social\u201d, que aborda o processo de financeiriza\u00e7\u00e3o da Previd\u00eancia Social no Brasil. A iniciativa faz parte da campanha \u201cFunpresp: garantia de incertezas\u201d, organizada pelo Grupo de Trabalho de Seguridade Social e Assuntos de Aposentadoria (GTSSA), que tem como objetivo defender a aposentadoria integral com paridade e o fim da contribui\u00e7\u00e3o previdenci\u00e1ria para aposentadas, aposentados e pensionistas.<\/p>\n<p>Com tr\u00eas epis\u00f3dios, a s\u00e9rie conta com a participa\u00e7\u00e3o de Sara Granemann, professora da Universidade Federal do Rio de Janeiro (UFRJ) e especialista no tema. Os v\u00eddeos discutem o modelo do Funpresp e seu impacto na gest\u00e3o previdenci\u00e1ria de estados e munic\u00edpios, refor\u00e7ando a import\u00e2ncia da mobiliza\u00e7\u00e3o coletiva em defesa da aposentadoria e da Previd\u00eancia Social.<\/p>\n<p>Neste primeiro epis\u00f3dio, Sara Granemann explica a contradi\u00e7\u00e3o entre previd\u00eancia privada e o conceito original de Previd\u00eancia, que surgiu na Comuna de Paris como um sistema solid\u00e1rio e coletivo de prote\u00e7\u00e3o social. Enquanto isso, a previd\u00eancia privada se configura como uma mercadoria financeira. No Brasil, os investimentos em previd\u00eancia privada cresceram exponencialmente, passando de R$ 42 bilh\u00f5es, em 2003, para R$ 1,2 trilh\u00e3o de reais nos dias atuais.<\/p>\n","protected":false},"excerpt":{"rendered":"<p>O ANDES-SN lan\u00e7ou a s\u00e9rie de v\u00eddeos \u201cEm Defesa da Previd\u00eancia Social\u201d, que aborda o processo de financeiriza\u00e7\u00e3o da Previd\u00eancia Social no Brasil. A iniciativa faz parte da campanha \u201cFunpresp: garantia de incertezas\u201d, organizada pelo Grupo de Trabalho de Seguridade Social e Assuntos de Aposentadoria (GTSSA), que tem como objetivo defender a aposentadoria integral com &hellip;<\/p>\n","protected":false},"author":1,"featured_media":98873,"comment_status":"open","ping_status":"open","sticky":false,"template":"","format":"standard","meta":{"footnotes":""},"categories":[18],"tags":[],"class_list":["post-134193","post","type-post","status-publish","format-standard","has-post-thumbnail","hentry","category-brasil"],"_links":{"self":[{"href":"https:\/\/iparaiba.com.br\/index.php\/wp-json\/wp\/v2\/posts\/134193","targetHints":{"allow":["GET"]}}],"collection":[{"href":"https:\/\/iparaiba.com.br\/index.php\/wp-json\/wp\/v2\/posts"}],"about":[{"href":"https:\/\/iparaiba.com.br\/index.php\/wp-json\/wp\/v2\/types\/post"}],"author":[{"embeddable":true,"href":"https:\/\/iparaiba.com.br\/index.php\/wp-json\/wp\/v2\/users\/1"}],"replies":[{"embeddable":true,"href":"https:\/\/iparaiba.com.br\/index.php\/wp-json\/wp\/v2\/comments?post=134193"}],"version-history":[{"count":1,"href":"https:\/\/iparaiba.com.br\/index.php\/wp-json\/wp\/v2\/posts\/134193\/revisions"}],"predecessor-version":[{"id":134208,"href":"https:\/\/iparaiba.com.br\/index.php\/wp-json\/wp\/v2\/posts\/134193\/revisions\/134208"}],"wp:featuredmedia":[{"embeddable":true,"href":"https:\/\/iparaiba.com.br\/index.php\/wp-json\/wp\/v2\/media\/98873"}],"wp:attachment":[{"href":"https:\/\/iparaiba.com.br\/index.php\/wp-json\/wp\/v2\/media?parent=134193"}],"wp:term":[{"taxonomy":"category","embeddable":true,"href":"https:\/\/iparaiba.com.br\/index.php\/wp-json\/wp\/v2\/categories?post=134193"},{"taxonomy":"post_tag","embeddable":true,"href":"https:\/\/iparaiba.com.br\/index.php\/wp-json\/wp\/v2\/tags?post=134193"}],"curies":[{"name":"wp","href":"https:\/\/api.w.org\/{rel}","templated":true}]}}