{"id":134192,"date":"2024-12-20T10:08:35","date_gmt":"2024-12-20T13:08:35","guid":{"rendered":"https:\/\/onordeste.com.br\/?p=134170"},"modified":"2024-12-20T10:08:35","modified_gmt":"2024-12-20T13:08:35","slug":"aduepb-e-forum-dos-servidores-da-paraiba-solicitam-do-governo-reposicao-salarial-de-2317","status":"publish","type":"post","link":"https:\/\/iparaiba.com.br\/index.php\/2024\/12\/20\/aduepb-e-forum-dos-servidores-da-paraiba-solicitam-do-governo-reposicao-salarial-de-2317\/","title":{"rendered":"ADUEPB e F\u00f3rum dos Servidores da Para\u00edba solicitam do Governo reposi\u00e7\u00e3o salarial de 23,17%"},"content":{"rendered":"<p>A diretoria da ADUEPB e o F\u00f3rum dos Servidores Estaduais da Para\u00edba solicitaram hoje (18\/12) uma reposi\u00e7\u00e3o salarial de 23,17% e a abertura de negocia\u00e7\u00f5es. O percentual \u00e9 referente \u00e0s perdas inflacion\u00e1rias acumuladas entre 2019 e 2024, per\u00edodo dos governos Jo\u00e3o Azevedo. A iniciativa faz parte da campanha salarial 2025 dos servidores, cuja data-base ocorrer\u00e1 a partir de 1\u00ba de janeiro.<\/p>\n<p>Na solicita\u00e7\u00e3o protocolada no Gabinete do governador, o F\u00f3rum dos Servidores lembrou da obriga\u00e7\u00e3o constitucional (Art 37, inciso X) do Estado de conceder uma reposi\u00e7\u00e3o salarial anual para o funcionalismo p\u00fablico e da lei estadual de data base (9.703\/2012).<\/p>\n<p>O of\u00edcio do F\u00f3rum tamb\u00e9m ressaltou que o Governo da Para\u00edba tem acumulado incrementos nas suas receitas nos \u00faltimos anos, suficientes para custear a perdas inflacion\u00e1rias acumuladas pelos servidores. Entre 2022 e 2023, o incremento foi de R$ 1,1 bilh\u00e3o e entre 2023 e 2024, de R$ 2,1 bilh\u00f5es, entre arrecada\u00e7\u00e3o pr\u00f3pria e transfer\u00eancias constitucionais.<\/p>\n","protected":false},"excerpt":{"rendered":"<p>A diretoria da ADUEPB e o F\u00f3rum dos Servidores Estaduais da Para\u00edba solicitaram hoje (18\/12) uma reposi\u00e7\u00e3o salarial de 23,17% e a abertura de negocia\u00e7\u00f5es. O percentual \u00e9 referente \u00e0s perdas inflacion\u00e1rias acumuladas entre 2019 e 2024, per\u00edodo dos governos Jo\u00e3o Azevedo. A iniciativa faz parte da campanha salarial 2025 dos servidores, cuja data-base ocorrer\u00e1 &hellip;<\/p>\n","protected":false},"author":1,"featured_media":97711,"comment_status":"open","ping_status":"open","sticky":false,"template":"","format":"standard","meta":{"footnotes":""},"categories":[12],"tags":[],"class_list":["post-134192","post","type-post","status-publish","format-standard","has-post-thumbnail","hentry","category-emprego"],"_links":{"self":[{"href":"https:\/\/iparaiba.com.br\/index.php\/wp-json\/wp\/v2\/posts\/134192","targetHints":{"allow":["GET"]}}],"collection":[{"href":"https:\/\/iparaiba.com.br\/index.php\/wp-json\/wp\/v2\/posts"}],"about":[{"href":"https:\/\/iparaiba.com.br\/index.php\/wp-json\/wp\/v2\/types\/post"}],"author":[{"embeddable":true,"href":"https:\/\/iparaiba.com.br\/index.php\/wp-json\/wp\/v2\/users\/1"}],"replies":[{"embeddable":true,"href":"https:\/\/iparaiba.com.br\/index.php\/wp-json\/wp\/v2\/comments?post=134192"}],"version-history":[{"count":1,"href":"https:\/\/iparaiba.com.br\/index.php\/wp-json\/wp\/v2\/posts\/134192\/revisions"}],"predecessor-version":[{"id":134207,"href":"https:\/\/iparaiba.com.br\/index.php\/wp-json\/wp\/v2\/posts\/134192\/revisions\/134207"}],"wp:featuredmedia":[{"embeddable":true,"href":"https:\/\/iparaiba.com.br\/index.php\/wp-json\/wp\/v2\/media\/97711"}],"wp:attachment":[{"href":"https:\/\/iparaiba.com.br\/index.php\/wp-json\/wp\/v2\/media?parent=134192"}],"wp:term":[{"taxonomy":"category","embeddable":true,"href":"https:\/\/iparaiba.com.br\/index.php\/wp-json\/wp\/v2\/categories?post=134192"},{"taxonomy":"post_tag","embeddable":true,"href":"https:\/\/iparaiba.com.br\/index.php\/wp-json\/wp\/v2\/tags?post=134192"}],"curies":[{"name":"wp","href":"https:\/\/api.w.org\/{rel}","templated":true}]}}