{"id":134169,"date":"2024-12-16T17:34:51","date_gmt":"2024-12-16T20:34:51","guid":{"rendered":"https:\/\/onordeste.com.br\/?p=134119"},"modified":"2024-12-16T17:34:51","modified_gmt":"2024-12-16T20:34:51","slug":"bruno-sera-diplomado-como-prefeito-reeleito","status":"publish","type":"post","link":"https:\/\/iparaiba.com.br\/index.php\/2024\/12\/16\/bruno-sera-diplomado-como-prefeito-reeleito\/","title":{"rendered":"Bruno ser\u00e1 diplomado como prefeito reeleito"},"content":{"rendered":"<p>Encerrando o processo eleitoral de 2024, em Campina Grande, ser\u00e1 realizada nesta ter\u00e7a-feira (17), a diploma\u00e7\u00e3o dos eleitos. A solenidade est\u00e1 marcada para \u00e0s 17h, no audit\u00f3rio do Garden Hotel. O ato ser\u00e1 presidido pelo magistrado Cl\u00e1udio Pinto Lopes, juiz da 16\u00aa Zona Eleitoral.<\/p>\n<p>Ser\u00e3o diplomados o prefeito, reeleito, Bruno Cunha Lima Branco; o vice, Alcindor Vilarim Filho; e ainda os 23 vereadores e 27 suplentes. A solenidade oficial obedece \u00e0 Lei n\u00b0 9.505\/1997, sendo de responsabilidade das Zonas Eleitorais.<\/p>\n<p>Em primeiro turno, Bruno Cunha Lima venceu em todas as zonas eleitorais de Campina Grande, com 48,22% dos votos. A reelei\u00e7\u00e3o foi confirmada no segundo turno, com 57,94%.<\/p>\n<p><strong>Hist\u00f3rico Pol\u00edtico<\/strong><\/p>\n<p>Bruno Cunha Lima Branco nasceu em 17 de novembro de 1990 (34 anos), em Campina Grande. Atualmente, \u00e9 filiado ao partido Uni\u00e3o Brasil.<\/p>\n<p>Formado em Direito, Bruno foi vereador, na Rainha da \u00a0Borborema, entre 1\u00b0 de janeiro de 2013 e 31 de janeiro de 2015. Exerceu um mandato de deputado estadual pela Para\u00edba, de 1\u00b0 de fevereiro de 2015 a 31 de janeiro de 2019.<\/p>\n<p>Em 2020, Bruno Cunha Lima foi eleito, em primeiro turno, para ser o 38\u00b0 prefeito de Campina Grande, sucedendo Romero Rodrigues.<\/p>\n<p>Codecom<\/p>\n","protected":false},"excerpt":{"rendered":"<p>Encerrando o processo eleitoral de 2024, em Campina Grande, ser\u00e1 realizada nesta ter\u00e7a-feira (17), a diploma\u00e7\u00e3o dos eleitos. A solenidade est\u00e1 marcada para \u00e0s 17h, no audit\u00f3rio do Garden Hotel. O ato ser\u00e1 presidido pelo magistrado Cl\u00e1udio Pinto Lopes, juiz da 16\u00aa Zona Eleitoral. Ser\u00e3o diplomados o prefeito, reeleito, Bruno Cunha Lima Branco; o vice, &hellip;<\/p>\n","protected":false},"author":1,"featured_media":110503,"comment_status":"open","ping_status":"open","sticky":false,"template":"","format":"standard","meta":{"footnotes":""},"categories":[8],"tags":[],"class_list":["post-134169","post","type-post","status-publish","format-standard","has-post-thumbnail","hentry","category-politica"],"_links":{"self":[{"href":"https:\/\/iparaiba.com.br\/index.php\/wp-json\/wp\/v2\/posts\/134169","targetHints":{"allow":["GET"]}}],"collection":[{"href":"https:\/\/iparaiba.com.br\/index.php\/wp-json\/wp\/v2\/posts"}],"about":[{"href":"https:\/\/iparaiba.com.br\/index.php\/wp-json\/wp\/v2\/types\/post"}],"author":[{"embeddable":true,"href":"https:\/\/iparaiba.com.br\/index.php\/wp-json\/wp\/v2\/users\/1"}],"replies":[{"embeddable":true,"href":"https:\/\/iparaiba.com.br\/index.php\/wp-json\/wp\/v2\/comments?post=134169"}],"version-history":[{"count":0,"href":"https:\/\/iparaiba.com.br\/index.php\/wp-json\/wp\/v2\/posts\/134169\/revisions"}],"wp:featuredmedia":[{"embeddable":true,"href":"https:\/\/iparaiba.com.br\/index.php\/wp-json\/wp\/v2\/media\/110503"}],"wp:attachment":[{"href":"https:\/\/iparaiba.com.br\/index.php\/wp-json\/wp\/v2\/media?parent=134169"}],"wp:term":[{"taxonomy":"category","embeddable":true,"href":"https:\/\/iparaiba.com.br\/index.php\/wp-json\/wp\/v2\/categories?post=134169"},{"taxonomy":"post_tag","embeddable":true,"href":"https:\/\/iparaiba.com.br\/index.php\/wp-json\/wp\/v2\/tags?post=134169"}],"curies":[{"name":"wp","href":"https:\/\/api.w.org\/{rel}","templated":true}]}}