{"id":134163,"date":"2024-12-19T18:27:57","date_gmt":"2024-12-19T21:27:57","guid":{"rendered":"https:\/\/onordeste.com.br\/?p=134163"},"modified":"2024-12-19T18:27:57","modified_gmt":"2024-12-19T21:27:57","slug":"estiagem-seis-cidades-obtem-o-reconhecimento-federal-de-emergencia","status":"publish","type":"post","link":"https:\/\/iparaiba.com.br\/index.php\/2024\/12\/19\/estiagem-seis-cidades-obtem-o-reconhecimento-federal-de-emergencia\/","title":{"rendered":"Estiagem: seis cidades obt\u00eam o reconhecimento federal de emerg\u00eancia"},"content":{"rendered":"<p>O Minist\u00e9rio da Integra\u00e7\u00e3o e do Desenvolvimento Regional (MIDR), por meio da Defesa Civil Nacional, reconheceu, na \u00faltima semana a situa\u00e7\u00e3o de emerg\u00eancia em mais seis cidades da Para\u00edba afetadas pela estiagem. A portaria com os reconhecimentos foi publicada no Di\u00e1rio Oficial da Uni\u00e3o (DOU).<\/p>\n<div class=\"related\">\n<div class=\"pk-inline-posts\">\n<div class=\"pk-inline-posts-container pk-inline-posts-template-grid\" data-columns=\"1\">\n<article id=\"post-877845\" class=\"post-877845 post type-post status-publish format-standard has-post-thumbnail category-paraiba tag-destaque-centro-01 cs-entry cs-video-wrap\">\n<div class=\"pk-post-outer\">\n<div class=\"pk-post-inner\">Est\u00e3o na lista os munic\u00edpios de Desterro, Itabaiana, Queimadas, Riacho dos Cavalos, S\u00e3o Jos\u00e9 de Princesa e Soledade.<\/div>\n<div><\/div>\n<\/div>\n<\/article>\n<\/div>\n<\/div>\n<\/div>\n<p><a href=\"http:\/\/www.in.gov.br\/en\/web\/dou\/-\/portaria-n-4.095-de-12-de-dezembro-de-2024-601441720\">Portaria n\u00ba 4.095\u00a0<\/a><\/p>\n<p>Agora, as prefeituras est\u00e3o aptas a solicitar recursos do Governo Federal para a\u00e7\u00f5es de defesa civil.<\/p>\n<p>At\u00e9 o momento, a Para\u00edba tem 98 reconhecimentos vigentes, dos quais 97 por estiagem e um por eros\u00e3o costeira\/marinha.<\/p>\n<p><strong>Como solicitar recursos<\/strong><\/p>\n<p>Cidades com o reconhecimento federal de situa\u00e7\u00e3o de emerg\u00eancia ou de estado de calamidade p\u00fablica podem solicitar ao MIDR recursos para a\u00e7\u00f5es de defesa civil. A solicita\u00e7\u00e3o pelos munic\u00edpios em situa\u00e7\u00e3o de emerg\u00eancia deve ser feita por meio do Sistema Integrado de Informa\u00e7\u00f5es sobre Desastres (S2iD).\u00a0Com base nas informa\u00e7\u00f5es enviadas nos planos de trabalho, a equipe t\u00e9cnica da Defesa Civil Nacional avalia as metas e os valores solicitados. Com a aprova\u00e7\u00e3o, \u00e9 publicada portaria no DOU com o valor a ser liberado.<\/p>\n<p><strong>Capacita\u00e7\u00f5es da Defesa Civil Nacional<\/strong><\/p>\n<p>A Defesa Civil Nacional oferece uma s\u00e9rie de cursos a dist\u00e2ncia para habilitar e qualificar agentes municipais e estaduais para o uso do S2iD. As capacita\u00e7\u00f5es t\u00eam como foco os agentes de prote\u00e7\u00e3o e defesa civil nas tr\u00eas esferas de governo. Confira\u00a0neste link\u00a0a lista completa dos cursos.<\/p>\n<p><strong><em>Reda\u00e7\u00e3o com Brasil 61<\/em><\/strong><\/p>\n","protected":false},"excerpt":{"rendered":"<p>O Minist\u00e9rio da Integra\u00e7\u00e3o e do Desenvolvimento Regional (MIDR), por meio da Defesa Civil Nacional, reconheceu, na \u00faltima semana a situa\u00e7\u00e3o de emerg\u00eancia em mais seis cidades da Para\u00edba afetadas pela estiagem. A portaria com os reconhecimentos foi publicada no Di\u00e1rio Oficial da Uni\u00e3o (DOU). Est\u00e3o na lista os munic\u00edpios de Desterro, Itabaiana, Queimadas, Riacho &hellip;<\/p>\n","protected":false},"author":1,"featured_media":119004,"comment_status":"open","ping_status":"open","sticky":false,"template":"","format":"standard","meta":{"footnotes":""},"categories":[3],"tags":[],"class_list":["post-134163","post","type-post","status-publish","format-standard","has-post-thumbnail","hentry","category-nordeste"],"_links":{"self":[{"href":"https:\/\/iparaiba.com.br\/index.php\/wp-json\/wp\/v2\/posts\/134163","targetHints":{"allow":["GET"]}}],"collection":[{"href":"https:\/\/iparaiba.com.br\/index.php\/wp-json\/wp\/v2\/posts"}],"about":[{"href":"https:\/\/iparaiba.com.br\/index.php\/wp-json\/wp\/v2\/types\/post"}],"author":[{"embeddable":true,"href":"https:\/\/iparaiba.com.br\/index.php\/wp-json\/wp\/v2\/users\/1"}],"replies":[{"embeddable":true,"href":"https:\/\/iparaiba.com.br\/index.php\/wp-json\/wp\/v2\/comments?post=134163"}],"version-history":[{"count":1,"href":"https:\/\/iparaiba.com.br\/index.php\/wp-json\/wp\/v2\/posts\/134163\/revisions"}],"predecessor-version":[{"id":134204,"href":"https:\/\/iparaiba.com.br\/index.php\/wp-json\/wp\/v2\/posts\/134163\/revisions\/134204"}],"wp:featuredmedia":[{"embeddable":true,"href":"https:\/\/iparaiba.com.br\/index.php\/wp-json\/wp\/v2\/media\/119004"}],"wp:attachment":[{"href":"https:\/\/iparaiba.com.br\/index.php\/wp-json\/wp\/v2\/media?parent=134163"}],"wp:term":[{"taxonomy":"category","embeddable":true,"href":"https:\/\/iparaiba.com.br\/index.php\/wp-json\/wp\/v2\/categories?post=134163"},{"taxonomy":"post_tag","embeddable":true,"href":"https:\/\/iparaiba.com.br\/index.php\/wp-json\/wp\/v2\/tags?post=134163"}],"curies":[{"name":"wp","href":"https:\/\/api.w.org\/{rel}","templated":true}]}}