{"id":134161,"date":"2024-12-19T16:00:27","date_gmt":"2024-12-19T19:00:27","guid":{"rendered":"https:\/\/onordeste.com.br\/?p=134161"},"modified":"2024-12-19T16:00:27","modified_gmt":"2024-12-19T19:00:27","slug":"tribunal-de-contas-da-uniao-acompanha-divida-publica-federal","status":"publish","type":"post","link":"https:\/\/iparaiba.com.br\/index.php\/2024\/12\/19\/tribunal-de-contas-da-uniao-acompanha-divida-publica-federal\/","title":{"rendered":"Tribunal de Contas da Uni\u00e3o acompanha d\u00edvida p\u00fablica federal"},"content":{"rendered":"<div id=\"edCorpo\" class=\"noticia__detalhe_corpo\">\n<p>O Tribunal de Contas da Uni\u00e3o (TCU) analisou, sob a relatoria do ministro Vital do R\u00eago, o\u00a0acompanhamento permanente da d\u00edvida p\u00fablica federal relativo ao exerc\u00edcio de 2023. As conclus\u00f5es ser\u00e3o encaminhadas \u00e0 Comiss\u00e3o Mista de Planos, Or\u00e7amentos P\u00fablicos e Fiscaliza\u00e7\u00e3o do Congresso Nacional.<\/p>\n<blockquote>\n<h3>\u201cEmbora os indicadores da d\u00edvida p\u00fablica de 2023 estejam dentro dos limites do Plano Anual de Financiamento, existe discrep\u00e2ncia entre a realidade atual e os objetivos de longo prazo, especialmente na gest\u00e3o da d\u00edvida flutuante, no percentual de t\u00edtulo pr\u00e9-fixados e no prazo m\u00e9dio de vencimento da d\u00edvida, evidenciando desafios para equilibrar custos e riscos associados a diferentes tipos de t\u00edtulos para composi\u00e7\u00e3o da d\u00edvida p\u00fablica federal\u201d, observou o ministro Vital do R\u00eago,\u00a0relator do processo no Tribunal.<\/h3>\n<\/blockquote>\n<p>Os\u00a0cen\u00e1rios projetados para a D\u00edvida Bruta do Governo Geral\u00a0(DBGG) at\u00e9 2027, elaborados e apresentados pela Secretaria do Tesouro Nacional (STN) no Relat\u00f3rio de Proje\u00e7\u00f5es Fiscais (RPF) 2023 \u2013 2\u00ba semestre, n\u00e3o destoam significativamente da d\u00edvida que seria esperada diante do conjunto de par\u00e2metros econ\u00f4micos e fiscais informados nas expectativas de mercado e nos instrumentos de planejamento e or\u00e7amento.<\/p>\n<p>\u201cAs proje\u00e7\u00f5es do Relat\u00f3rio de Proje\u00e7\u00f5es Fiscais 2023 \u2013 2\u00ba semestre, embora sejam compat\u00edveis com as estimativas feitas nesta auditoria para a DBGG em 2027, indicam a tend\u00eancia de a d\u00edvida crescer de 2023 at\u00e9 o final de 2027, devido principalmente aos juros reais, mesmo tendo como premissa o cumprimento estrito das metas fiscais da LDO 2024\u201d, alertou o relator.<\/p>\n<h3>Risco moderado<\/h3>\n<p>O risco da sustentabilidade da d\u00edvida, utilizando os resultados gerados pelo \u201cDebt Sustainability Analysis for Market-Access Countries (DSA-MAC)\u201d, pode ser\u00a0considerado moderado em 2024\u00a0e mesmo no per\u00edodo de proje\u00e7\u00e3o do modelo (at\u00e9 2027).<\/p>\n<p>Isso ocorre tendo em vista a acentuada base dom\u00e9stica de investidores (90,5% do total dos detentores de t\u00edtulos da DPF), a reduzida propor\u00e7\u00e3o da d\u00edvida em moeda estrangeira (11,8% da DBGG) e a suficiente reserva de liquidez para a cobertura dos vencimentos dos t\u00edtulos da DPF, fatores que conjuntamente mitigam os riscos de refinanciamento.<\/p>\n<p>Por sua vez, o risco de ac\u00famulo de precat\u00f3rios diminuiu, ap\u00f3s o Supremo Tribunal Federal declarar inconstitucional o limite de pagamento de precat\u00f3rios da\u00a0<a href=\"https:\/\/www.planalto.gov.br\/ccivil_03\/constituicao\/emendas\/emc\/emc114.htm\">Emenda Constitucional 114\/2021<\/a>.<\/p>\n<blockquote>\n<h3>\u201cDessa forma, houve a quita\u00e7\u00e3o de R$ 92,4 bilh\u00f5es sem \u00f4nus ao cumprimento das regras fiscais, mas persiste a preocupa\u00e7\u00e3o de que as despesas com senten\u00e7as judiciais cres\u00e7am mais que a receita, pressionando o resultado prim\u00e1rio e afetando a d\u00edvida p\u00fablica\u201d,\u00a0afirmou o relator.<\/h3>\n<\/blockquote>\n<p>Por outro lado, o d\u00e9ficit do Regime Geral de Previd\u00eancia Social (RGPS) deve crescer dos 2,59% do Produto Interno Bruto (PIB) em 2023 para 4,29% em 2050, indicando futuros desafios fiscais para o pagamento das despesas previdenci\u00e1rias.<\/p>\n<\/div>\n<div id=\"edCorpoServico\" class=\"noticia__detalhe_corpo\">\n<p>___________________________________________<\/p>\n<p>SERVI\u00c7O<\/p>\n<p>Leia a \u00edntegra da decis\u00e3o:\u00a0<a href=\"https:\/\/pesquisa.apps.tcu.gov.br\/documento\/acordao-completo\/*\/NUMACORDAO%253A2501%2520ANOACORDAO%253A2024%2520\/DTRELEVANCIA%2520desc%252C%2520NUMACORDAOINT%2520desc\/0\">Ac\u00f3rd\u00e3o 2.501\/2024 \u2013 Plen\u00e1rio<\/a><\/p>\n<p>Processo:\u00a0TC 040.054\/2023-3<\/p>\n<\/div>\n","protected":false},"excerpt":{"rendered":"<p>O Tribunal de Contas da Uni\u00e3o (TCU) analisou, sob a relatoria do ministro Vital do R\u00eago, o\u00a0acompanhamento permanente da d\u00edvida p\u00fablica federal relativo ao exerc\u00edcio de 2023. As conclus\u00f5es ser\u00e3o encaminhadas \u00e0 Comiss\u00e3o Mista de Planos, Or\u00e7amentos P\u00fablicos e Fiscaliza\u00e7\u00e3o do Congresso Nacional. \u201cEmbora os indicadores da d\u00edvida p\u00fablica de 2023 estejam dentro dos limites &hellip;<\/p>\n","protected":false},"author":1,"featured_media":97401,"comment_status":"open","ping_status":"open","sticky":false,"template":"","format":"standard","meta":{"footnotes":""},"categories":[7],"tags":[],"class_list":["post-134161","post","type-post","status-publish","format-standard","has-post-thumbnail","hentry","category-diversas"],"_links":{"self":[{"href":"https:\/\/iparaiba.com.br\/index.php\/wp-json\/wp\/v2\/posts\/134161","targetHints":{"allow":["GET"]}}],"collection":[{"href":"https:\/\/iparaiba.com.br\/index.php\/wp-json\/wp\/v2\/posts"}],"about":[{"href":"https:\/\/iparaiba.com.br\/index.php\/wp-json\/wp\/v2\/types\/post"}],"author":[{"embeddable":true,"href":"https:\/\/iparaiba.com.br\/index.php\/wp-json\/wp\/v2\/users\/1"}],"replies":[{"embeddable":true,"href":"https:\/\/iparaiba.com.br\/index.php\/wp-json\/wp\/v2\/comments?post=134161"}],"version-history":[{"count":1,"href":"https:\/\/iparaiba.com.br\/index.php\/wp-json\/wp\/v2\/posts\/134161\/revisions"}],"predecessor-version":[{"id":134203,"href":"https:\/\/iparaiba.com.br\/index.php\/wp-json\/wp\/v2\/posts\/134161\/revisions\/134203"}],"wp:featuredmedia":[{"embeddable":true,"href":"https:\/\/iparaiba.com.br\/index.php\/wp-json\/wp\/v2\/media\/97401"}],"wp:attachment":[{"href":"https:\/\/iparaiba.com.br\/index.php\/wp-json\/wp\/v2\/media?parent=134161"}],"wp:term":[{"taxonomy":"category","embeddable":true,"href":"https:\/\/iparaiba.com.br\/index.php\/wp-json\/wp\/v2\/categories?post=134161"},{"taxonomy":"post_tag","embeddable":true,"href":"https:\/\/iparaiba.com.br\/index.php\/wp-json\/wp\/v2\/tags?post=134161"}],"curies":[{"name":"wp","href":"https:\/\/api.w.org\/{rel}","templated":true}]}}