{"id":134157,"date":"2024-12-19T12:00:24","date_gmt":"2024-12-19T15:00:24","guid":{"rendered":"https:\/\/onordeste.com.br\/?p=134157"},"modified":"2024-12-19T12:00:24","modified_gmt":"2024-12-19T15:00:24","slug":"guarda-atua-em-ocorrencia-de-transito-com-embriaguez-e-desacato","status":"publish","type":"post","link":"https:\/\/iparaiba.com.br\/index.php\/2024\/12\/19\/guarda-atua-em-ocorrencia-de-transito-com-embriaguez-e-desacato\/","title":{"rendered":"Guarda atua em ocorr\u00eancia de tr\u00e2nsito com embriaguez e desacato"},"content":{"rendered":"<p style=\"font-weight: 400;\">Uma guarni\u00e7\u00e3o da Guarda Civil Municipal, em patrulhamento no entorno do Parque Evaldo Cruz, foi acionada para atender um sinistro de tr\u00e2nsito no cruzamento da Jo\u00e3o Moura com a Rua Dom Pedro I. O evento envolvia um carro e uma moto, e um dos ocupantes do carro solicitou apoio por se sentir amea\u00e7ado pela outra parte envolvida no sinistro.<\/p>\n<p style=\"font-weight: 400;\">A equipe da GCM prontamente interveio, realizando a media\u00e7\u00e3o entre as partes. Durante o atendimento, constatou-se que o respons\u00e1vel pelo sinistro apresentava claros sinais de embriaguez e que a v\u00edtima havia sido amea\u00e7ada. Ap\u00f3s orienta\u00e7\u00f5es sobre os procedimentos legais, a v\u00edtima manifestou o desejo de representar criminalmente pelas amea\u00e7as recebidas.<\/p>\n<p style=\"font-weight: 400;\">Diante disso, foi dada voz de pris\u00e3o ao respons\u00e1vel pelo sinistro, que resistiu \u00e0 pris\u00e3o e desacatou a equipe da Guarda Municipal. Apesar da resist\u00eancia, os agentes atuaram de forma eficiente e garantiram a condu\u00e7\u00e3o do indiv\u00edduo \u00e0 Delegacia, onde ele permaneceu \u00e0 disposi\u00e7\u00e3o da Justi\u00e7a, enfrentando acusa\u00e7\u00f5es de embriaguez ao volante, amea\u00e7a, resist\u00eancia e desacato.<\/p>\n","protected":false},"excerpt":{"rendered":"<p>Uma guarni\u00e7\u00e3o da Guarda Civil Municipal, em patrulhamento no entorno do Parque Evaldo Cruz, foi acionada para atender um sinistro de tr\u00e2nsito no cruzamento da Jo\u00e3o Moura com a Rua Dom Pedro I. O evento envolvia um carro e uma moto, e um dos ocupantes do carro solicitou apoio por se sentir amea\u00e7ado pela outra &hellip;<\/p>\n","protected":false},"author":1,"featured_media":106463,"comment_status":"open","ping_status":"open","sticky":false,"template":"","format":"standard","meta":{"footnotes":""},"categories":[13],"tags":[],"class_list":["post-134157","post","type-post","status-publish","format-standard","has-post-thumbnail","hentry","category-policial"],"_links":{"self":[{"href":"https:\/\/iparaiba.com.br\/index.php\/wp-json\/wp\/v2\/posts\/134157","targetHints":{"allow":["GET"]}}],"collection":[{"href":"https:\/\/iparaiba.com.br\/index.php\/wp-json\/wp\/v2\/posts"}],"about":[{"href":"https:\/\/iparaiba.com.br\/index.php\/wp-json\/wp\/v2\/types\/post"}],"author":[{"embeddable":true,"href":"https:\/\/iparaiba.com.br\/index.php\/wp-json\/wp\/v2\/users\/1"}],"replies":[{"embeddable":true,"href":"https:\/\/iparaiba.com.br\/index.php\/wp-json\/wp\/v2\/comments?post=134157"}],"version-history":[{"count":1,"href":"https:\/\/iparaiba.com.br\/index.php\/wp-json\/wp\/v2\/posts\/134157\/revisions"}],"predecessor-version":[{"id":134187,"href":"https:\/\/iparaiba.com.br\/index.php\/wp-json\/wp\/v2\/posts\/134157\/revisions\/134187"}],"wp:featuredmedia":[{"embeddable":true,"href":"https:\/\/iparaiba.com.br\/index.php\/wp-json\/wp\/v2\/media\/106463"}],"wp:attachment":[{"href":"https:\/\/iparaiba.com.br\/index.php\/wp-json\/wp\/v2\/media?parent=134157"}],"wp:term":[{"taxonomy":"category","embeddable":true,"href":"https:\/\/iparaiba.com.br\/index.php\/wp-json\/wp\/v2\/categories?post=134157"},{"taxonomy":"post_tag","embeddable":true,"href":"https:\/\/iparaiba.com.br\/index.php\/wp-json\/wp\/v2\/tags?post=134157"}],"curies":[{"name":"wp","href":"https:\/\/api.w.org\/{rel}","templated":true}]}}