{"id":134155,"date":"2024-12-19T10:00:01","date_gmt":"2024-12-19T13:00:01","guid":{"rendered":"https:\/\/onordeste.com.br\/?p=134155"},"modified":"2024-12-19T10:00:01","modified_gmt":"2024-12-19T13:00:01","slug":"assembleia-legislativa-aprova-pacto-estadual-de-prevencao-aos-feminicidios","status":"publish","type":"post","link":"https:\/\/iparaiba.com.br\/index.php\/2024\/12\/19\/assembleia-legislativa-aprova-pacto-estadual-de-prevencao-aos-feminicidios\/","title":{"rendered":"Assembleia Legislativa aprova Pacto Estadual de Preven\u00e7\u00e3o aos Feminic\u00eddios"},"content":{"rendered":"<p>A Assembleia Legislativa da Para\u00edba (ALPB) aprovou por unanimidade o Pacto Estadual de Preven\u00e7\u00e3o aos Feminic\u00eddios elaborado pelo Governo do Estado e enviado ao Poder Legislativo pelo governador da Para\u00edba Jo\u00e3o Azev\u00eado. Durante sess\u00e3o ordin\u00e1ria realizada nesta ter\u00e7a-feira (10), os deputados aprovaram tamb\u00e9m a pol\u00edtica de apoio e preven\u00e7\u00e3o da estafa mental ou burnout relacionado \u00e0 maternidade.<\/p>\n<p>O Pacto Estadual de Preven\u00e7\u00e3o aos Feminic\u00eddios tem o objetivo de prevenir as mortes violentas de mulheres em raz\u00e3o da desigualdade de g\u00eanero e garantir os direitos e o acesso \u00e0 justi\u00e7a \u00e0s mulheres em situa\u00e7\u00e3o de viol\u00eancia e aos seus familiares. De acordo com o texto do PL, o Pacto \u00e9 um instrumento de articula\u00e7\u00e3o e operacionaliza\u00e7\u00e3o dos objetivos, das diretrizes e dos princ\u00edpios descritos na Pol\u00edtica Nacional de Enfrentamento \u00e0 Viol\u00eancia contra as Mulheres.<\/p>\n<p>De acordo com o texto do Projeto de Lei 3.395\/2024, o Pacto Estadual de Preven\u00e7\u00e3o aos Feminic\u00eddios \u00e9 um instrumento de articula\u00e7\u00e3o e operacionaliza\u00e7\u00e3o das diretrizes descritas na Pol\u00edtica Nacional de Enfrentamento \u00e0 Viol\u00eancia Contra as Mulheres. Desta forma, caber\u00e1 ao Estado fomentar o desenvolvimento de a\u00e7\u00f5es governamentais de preven\u00e7\u00e3o a todas as formas de discrimina\u00e7\u00e3o, misoginia e viol\u00eancia de g\u00eanero contra as mulheres em sua diversidade de forma articulada, intersetorial e multidisciplinar, buscando envolver a sociedade civil nos processos de participa\u00e7\u00e3o e controle social dessas a\u00e7\u00f5es de preven\u00e7\u00e3o.<\/p>\n","protected":false},"excerpt":{"rendered":"<p>A Assembleia Legislativa da Para\u00edba (ALPB) aprovou por unanimidade o Pacto Estadual de Preven\u00e7\u00e3o aos Feminic\u00eddios elaborado pelo Governo do Estado e enviado ao Poder Legislativo pelo governador da Para\u00edba Jo\u00e3o Azev\u00eado. Durante sess\u00e3o ordin\u00e1ria realizada nesta ter\u00e7a-feira (10), os deputados aprovaram tamb\u00e9m a pol\u00edtica de apoio e preven\u00e7\u00e3o da estafa mental ou burnout relacionado &hellip;<\/p>\n","protected":false},"author":1,"featured_media":102125,"comment_status":"open","ping_status":"open","sticky":false,"template":"","format":"standard","meta":{"footnotes":""},"categories":[10],"tags":[],"class_list":["post-134155","post","type-post","status-publish","format-standard","has-post-thumbnail","hentry","category-manchetes"],"_links":{"self":[{"href":"https:\/\/iparaiba.com.br\/index.php\/wp-json\/wp\/v2\/posts\/134155","targetHints":{"allow":["GET"]}}],"collection":[{"href":"https:\/\/iparaiba.com.br\/index.php\/wp-json\/wp\/v2\/posts"}],"about":[{"href":"https:\/\/iparaiba.com.br\/index.php\/wp-json\/wp\/v2\/types\/post"}],"author":[{"embeddable":true,"href":"https:\/\/iparaiba.com.br\/index.php\/wp-json\/wp\/v2\/users\/1"}],"replies":[{"embeddable":true,"href":"https:\/\/iparaiba.com.br\/index.php\/wp-json\/wp\/v2\/comments?post=134155"}],"version-history":[{"count":1,"href":"https:\/\/iparaiba.com.br\/index.php\/wp-json\/wp\/v2\/posts\/134155\/revisions"}],"predecessor-version":[{"id":134186,"href":"https:\/\/iparaiba.com.br\/index.php\/wp-json\/wp\/v2\/posts\/134155\/revisions\/134186"}],"wp:featuredmedia":[{"embeddable":true,"href":"https:\/\/iparaiba.com.br\/index.php\/wp-json\/wp\/v2\/media\/102125"}],"wp:attachment":[{"href":"https:\/\/iparaiba.com.br\/index.php\/wp-json\/wp\/v2\/media?parent=134155"}],"wp:term":[{"taxonomy":"category","embeddable":true,"href":"https:\/\/iparaiba.com.br\/index.php\/wp-json\/wp\/v2\/categories?post=134155"},{"taxonomy":"post_tag","embeddable":true,"href":"https:\/\/iparaiba.com.br\/index.php\/wp-json\/wp\/v2\/tags?post=134155"}],"curies":[{"name":"wp","href":"https:\/\/api.w.org\/{rel}","templated":true}]}}