{"id":134146,"date":"2024-12-18T16:00:08","date_gmt":"2024-12-18T19:00:08","guid":{"rendered":"https:\/\/onordeste.com.br\/?p=134146"},"modified":"2024-12-18T16:00:08","modified_gmt":"2024-12-18T19:00:08","slug":"alpb-vai-realizar-sessao-especial-em-homenagem-aos-30-anos-da-funasa","status":"publish","type":"post","link":"https:\/\/iparaiba.com.br\/index.php\/2024\/12\/18\/alpb-vai-realizar-sessao-especial-em-homenagem-aos-30-anos-da-funasa\/","title":{"rendered":"ALPB vai realizar sess\u00e3o especial em homenagem aos 30 anos da Funasa"},"content":{"rendered":"<p>A Assembleia Legislativa da Para\u00edba (ALPB) vai realizar na pr\u00f3xima quinta-feira, dia 19, \u00e0s 9h30, uma sess\u00e3o especial para homenagear os 30 anos de funda\u00e7\u00e3o da Funasa Sa\u00fade, associa\u00e7\u00e3o genuinamente paraibana, sem<br \/>\nfinalidade lucrativa, que opera planos de sa\u00fade. O requerimento para a realiza\u00e7\u00e3o da sess\u00e3o especial \u00e9 de autoria do deputado estadual Jutay Meneses (Republicanos).<\/p>\n<p>O deputado Jutay Meneses justificou a homenagem \u00e0 Funasa Sa\u00fade lembrando a import\u00e2ncia hist\u00f3rica da associa\u00e7\u00e3o como operadora de planos de sa\u00fade. O parlamentar acrescentou que \u201cexemplo de gest\u00e3o, refer\u00eancia de qualidade, a Funasa Sa\u00fade \u00e9 fruto da dedica\u00e7\u00e3o de paraibanos e paraibanas que dedicam suas melhores habilidades na arte de bem servir\u201d.<\/p>\n<p>Hist\u00f3ria<\/p>\n<p>A Funasa Sa\u00fade iniciou as suas atividades de presta\u00e7\u00e3o de assist\u00eancia m\u00e9dico-hospitalar no ano de 1994. A sua hist\u00f3ria remonta a um acordo trabalhista entre a extinta Sociedade An\u00f4nima de Eletrifica\u00e7\u00e3o da Para\u00edba<br \/>\n(Saelpa) e o Sindicato dos Eletricit\u00e1rios do Estado da Para\u00edba (Sindeletric),ainda no ano de 1991.<\/p>\n<p>As provid\u00eancias para a viabiliza\u00e7\u00e3o da assist\u00eancia \u00e0 sa\u00fade aos eletricit\u00e1rios da Para\u00edba coube aos diretores administrativos da antiga Saelpa. Em 1992, Lindolfo Pires Neto instituiu a primeira comiss\u00e3o para a criar um<br \/>\nplano de sa\u00fade destinado ao grupo familiar dos empregados da empresa; em 1994, Potengi Holanda de Lucena definiu provid\u00eancias para presta\u00e7\u00e3o de assist\u00eancia m\u00e9dico-hospitalar, utilizando os servi\u00e7os do ambulat\u00f3rio m\u00e9dico da Saelpa e uma rede credenciada em todo estado da Para\u00edba.<\/p>\n","protected":false},"excerpt":{"rendered":"<p>A Assembleia Legislativa da Para\u00edba (ALPB) vai realizar na pr\u00f3xima quinta-feira, dia 19, \u00e0s 9h30, uma sess\u00e3o especial para homenagear os 30 anos de funda\u00e7\u00e3o da Funasa Sa\u00fade, associa\u00e7\u00e3o genuinamente paraibana, sem finalidade lucrativa, que opera planos de sa\u00fade. O requerimento para a realiza\u00e7\u00e3o da sess\u00e3o especial \u00e9 de autoria do deputado estadual Jutay Meneses &hellip;<\/p>\n","protected":false},"author":1,"featured_media":134147,"comment_status":"open","ping_status":"open","sticky":false,"template":"","format":"standard","meta":{"footnotes":""},"categories":[8],"tags":[],"class_list":["post-134146","post","type-post","status-publish","format-standard","has-post-thumbnail","hentry","category-politica"],"_links":{"self":[{"href":"https:\/\/iparaiba.com.br\/index.php\/wp-json\/wp\/v2\/posts\/134146","targetHints":{"allow":["GET"]}}],"collection":[{"href":"https:\/\/iparaiba.com.br\/index.php\/wp-json\/wp\/v2\/posts"}],"about":[{"href":"https:\/\/iparaiba.com.br\/index.php\/wp-json\/wp\/v2\/types\/post"}],"author":[{"embeddable":true,"href":"https:\/\/iparaiba.com.br\/index.php\/wp-json\/wp\/v2\/users\/1"}],"replies":[{"embeddable":true,"href":"https:\/\/iparaiba.com.br\/index.php\/wp-json\/wp\/v2\/comments?post=134146"}],"version-history":[{"count":1,"href":"https:\/\/iparaiba.com.br\/index.php\/wp-json\/wp\/v2\/posts\/134146\/revisions"}],"predecessor-version":[{"id":134183,"href":"https:\/\/iparaiba.com.br\/index.php\/wp-json\/wp\/v2\/posts\/134146\/revisions\/134183"}],"wp:featuredmedia":[{"embeddable":true,"href":"https:\/\/iparaiba.com.br\/index.php\/wp-json\/wp\/v2\/media\/134147"}],"wp:attachment":[{"href":"https:\/\/iparaiba.com.br\/index.php\/wp-json\/wp\/v2\/media?parent=134146"}],"wp:term":[{"taxonomy":"category","embeddable":true,"href":"https:\/\/iparaiba.com.br\/index.php\/wp-json\/wp\/v2\/categories?post=134146"},{"taxonomy":"post_tag","embeddable":true,"href":"https:\/\/iparaiba.com.br\/index.php\/wp-json\/wp\/v2\/tags?post=134146"}],"curies":[{"name":"wp","href":"https:\/\/api.w.org\/{rel}","templated":true}]}}