{"id":134144,"date":"2024-12-18T14:00:07","date_gmt":"2024-12-18T17:00:07","guid":{"rendered":"https:\/\/onordeste.com.br\/?p=134144"},"modified":"2024-12-18T14:00:07","modified_gmt":"2024-12-18T17:00:07","slug":"ccj-aprova-programa-municipal-de-incentivo-a-aulas-de-reforco-escolar","status":"publish","type":"post","link":"https:\/\/iparaiba.com.br\/index.php\/2024\/12\/18\/ccj-aprova-programa-municipal-de-incentivo-a-aulas-de-reforco-escolar\/","title":{"rendered":"CCJ aprova programa municipal de incentivo a aulas de refor\u00e7o escolar"},"content":{"rendered":"<p align=\"justify\">A Comiss\u00e3o de Constitui\u00e7\u00e3o, Justi\u00e7a, Reda\u00e7\u00e3o e Legisla\u00e7\u00e3o Participativa (CCJ) da C\u00e2mara Municipal de Jo\u00e3o Pessoa (CMJP) se reuniu, na manh\u00e3 desta segunda-feira (16), e apreciou 35 mat\u00e9rias legislativas. Dentre elas, o colegiado foi favor\u00e1vel ao Projeto de Lei Ordin\u00e1ria (PLO) que institui programa municipal de incentivo \u00e0 realiza\u00e7\u00e3o de aulas de refor\u00e7o escolar.<\/p>\n<p align=\"justify\">De autoria do vereador Renato Martins (Avante), o\u00a0<u><a href=\"https:\/\/sapl.joaopessoa.pb.leg.br\/materia\/181067\" target=\"_blank\" rel=\"noopener\" data-saferedirecturl=\"https:\/\/www.google.com\/url?q=https:\/\/sapl.joaopessoa.pb.leg.br\/materia\/181067&amp;source=gmail&amp;ust=1734469082897000&amp;usg=AOvVaw1YfH1xcCkgQLDbKu0b3svX\">PLO 2347\/2024<\/a><\/u>\u00a0institui o Programa Municipal de Incentivo a Aulas de Refor\u00e7o Escolar, Encontros de Turmas para Estudos Colaborativos, Valoriza\u00e7\u00e3o de Alunos Monitores e Parcerias Educacionais. O objetivo, de acordo com texto da mat\u00e9ria, \u00e9 a melhoria do desempenho acad\u00eamico dos alunos da rede p\u00fablica municipal, al\u00e9m da promo\u00e7\u00e3o de a\u00e7\u00f5es educativas colaborativas.<\/p>\n<p align=\"justify\">\u201cA educa\u00e7\u00e3o \u00e9 o alicerce para a constru\u00e7\u00e3o de uma sociedade mais justa, inclusiva e pr\u00f3spera. No entanto, o contexto da rede p\u00fablica municipal de ensino muitas vezes apresenta desafios significativos, como dificuldades de aprendizagem, desigualdades de acesso a recursos pedag\u00f3gicos e evas\u00e3o escolar. Este Projeto de Lei, portanto, busca oferecer solu\u00e7\u00f5es pr\u00e1ticas e inovadoras para enfrentar esses problemas, promovendo o refor\u00e7o escolar, o aprendizado colaborativo e o reconhecimento do m\u00e9rito acad\u00eamico.\u201d, diz a justificativa.<\/p>\n<p align=\"justify\"><b>Executivo Municipal<\/b><\/p>\n<p align=\"justify\">De autoria do Executivo Municipal, a comiss\u00e3o foi favor\u00e1vel: ao Projeto de Lei Complementar (PLC)\u00a0<u><a href=\"https:\/\/sapl.joaopessoa.pb.leg.br\/materia\/181309\" target=\"_blank\" rel=\"noopener\" data-saferedirecturl=\"https:\/\/www.google.com\/url?q=https:\/\/sapl.joaopessoa.pb.leg.br\/materia\/181309&amp;source=gmail&amp;ust=1734469082897000&amp;usg=AOvVaw1PgUBxs9o_jicTvNAXgWIp\">64\/2024<\/a><\/u>, que altera a reda\u00e7\u00e3o dos artigos 50, 68, 110, 120, 123, 156 e 171 e dos anexos I, II, III, VII e VIII da Lei Complementar n\u00ba 164, de 11 de janeiro de 2024 (Plano Diretor Municipal de Jo\u00e3o Pessoa); ao PLC\u00a0<u><a href=\"https:\/\/sapl.joaopessoa.pb.leg.br\/materia\/181310\" target=\"_blank\" rel=\"noopener\" data-saferedirecturl=\"https:\/\/www.google.com\/url?q=https:\/\/sapl.joaopessoa.pb.leg.br\/materia\/181310&amp;source=gmail&amp;ust=1734469082897000&amp;usg=AOvVaw2pkZI5_7I5llEmUhImYpeF\">65\/2024<\/a><\/u>, que disp\u00f5e sobre a altera\u00e7\u00e3o dos anexos II, III, IV, V e VI da Lei Complementar n\u00ba 166, de 29 de abril de 2024; e ao PLO\u00a0<u><a href=\"https:\/\/sapl.joaopessoa.pb.leg.br\/materia\/181321\" target=\"_blank\" rel=\"noopener\" data-saferedirecturl=\"https:\/\/www.google.com\/url?q=https:\/\/sapl.joaopessoa.pb.leg.br\/materia\/181321&amp;source=gmail&amp;ust=1734469082897000&amp;usg=AOvVaw2rH1wq2IFFoxzrtN-7MZlR\">2382\/2024<\/a><\/u>, que autoriza realoca\u00e7\u00e3o de dota\u00e7\u00f5es or\u00e7ament\u00e1rias na Secretaria Municipal de Sa\u00fade\/Fundo Municipal de Sa\u00fade, no valor de R$ 21 milh\u00f5es.<\/p>\n<p align=\"justify\">Dentre os projetos que a comiss\u00e3o foi favor\u00e1vel, destacam-se: o PLO\u00a0<u><a href=\"https:\/\/sapl.joaopessoa.pb.leg.br\/materia\/181071\" target=\"_blank\" rel=\"noopener\" data-saferedirecturl=\"https:\/\/www.google.com\/url?q=https:\/\/sapl.joaopessoa.pb.leg.br\/materia\/181071&amp;source=gmail&amp;ust=1734469082897000&amp;usg=AOvVaw2XPkJgtRkSPYPkSSLFUsTz\">2351\/2024<\/a><\/u>, de autoria do vereador Renato Martins, que institui a semana municipal para conscientiza\u00e7\u00e3o da popula\u00e7\u00e3o acerca dos direitos garantidos pela Constitui\u00e7\u00e3o Federal, legisla\u00e7\u00f5es estaduais e municipais, bem como de tratados internacionais ratificados pelo Brasil; o PLO\u00a0<u><a href=\"https:\/\/sapl.joaopessoa.pb.leg.br\/materia\/175661\" target=\"_blank\" rel=\"noopener\" data-saferedirecturl=\"https:\/\/www.google.com\/url?q=https:\/\/sapl.joaopessoa.pb.leg.br\/materia\/175661&amp;source=gmail&amp;ust=1734469082897000&amp;usg=AOvVaw2q9s9YQoEQ5yNW5YqD6AxH\">2056\/2024<\/a><\/u>, do vereador Guga (PP), que veda a nomea\u00e7\u00e3o de bens e logradouros p\u00fablicos com nome de pessoas condenadas por crimes de viol\u00eancia contra a mulher; o PLO\u00a0<u><a href=\"https:\/\/sapl.joaopessoa.pb.leg.br\/materia\/181231\" target=\"_blank\" rel=\"noopener\" data-saferedirecturl=\"https:\/\/www.google.com\/url?q=https:\/\/sapl.joaopessoa.pb.leg.br\/materia\/181231&amp;source=gmail&amp;ust=1734469082897000&amp;usg=AOvVaw3y72uibX--1yspbV1blrwj\">n\u00ba 2367\/2024<\/a><\/u>, de Zezinho Botafogo (PSB), que reconhece como de utilidade p\u00fablica o Centro Integrado de Favelas e Artes Urbanas.<\/p>\n<p align=\"justify\">CMJP<\/p>\n","protected":false},"excerpt":{"rendered":"<p>A Comiss\u00e3o de Constitui\u00e7\u00e3o, Justi\u00e7a, Reda\u00e7\u00e3o e Legisla\u00e7\u00e3o Participativa (CCJ) da C\u00e2mara Municipal de Jo\u00e3o Pessoa (CMJP) se reuniu, na manh\u00e3 desta segunda-feira (16), e apreciou 35 mat\u00e9rias legislativas. Dentre elas, o colegiado foi favor\u00e1vel ao Projeto de Lei Ordin\u00e1ria (PLO) que institui programa municipal de incentivo \u00e0 realiza\u00e7\u00e3o de aulas de refor\u00e7o escolar. De &hellip;<\/p>\n","protected":false},"author":1,"featured_media":115224,"comment_status":"open","ping_status":"open","sticky":false,"template":"","format":"standard","meta":{"footnotes":""},"categories":[8],"tags":[],"class_list":["post-134144","post","type-post","status-publish","format-standard","has-post-thumbnail","hentry","category-politica"],"_links":{"self":[{"href":"https:\/\/iparaiba.com.br\/index.php\/wp-json\/wp\/v2\/posts\/134144","targetHints":{"allow":["GET"]}}],"collection":[{"href":"https:\/\/iparaiba.com.br\/index.php\/wp-json\/wp\/v2\/posts"}],"about":[{"href":"https:\/\/iparaiba.com.br\/index.php\/wp-json\/wp\/v2\/types\/post"}],"author":[{"embeddable":true,"href":"https:\/\/iparaiba.com.br\/index.php\/wp-json\/wp\/v2\/users\/1"}],"replies":[{"embeddable":true,"href":"https:\/\/iparaiba.com.br\/index.php\/wp-json\/wp\/v2\/comments?post=134144"}],"version-history":[{"count":1,"href":"https:\/\/iparaiba.com.br\/index.php\/wp-json\/wp\/v2\/posts\/134144\/revisions"}],"predecessor-version":[{"id":134182,"href":"https:\/\/iparaiba.com.br\/index.php\/wp-json\/wp\/v2\/posts\/134144\/revisions\/134182"}],"wp:featuredmedia":[{"embeddable":true,"href":"https:\/\/iparaiba.com.br\/index.php\/wp-json\/wp\/v2\/media\/115224"}],"wp:attachment":[{"href":"https:\/\/iparaiba.com.br\/index.php\/wp-json\/wp\/v2\/media?parent=134144"}],"wp:term":[{"taxonomy":"category","embeddable":true,"href":"https:\/\/iparaiba.com.br\/index.php\/wp-json\/wp\/v2\/categories?post=134144"},{"taxonomy":"post_tag","embeddable":true,"href":"https:\/\/iparaiba.com.br\/index.php\/wp-json\/wp\/v2\/tags?post=134144"}],"curies":[{"name":"wp","href":"https:\/\/api.w.org\/{rel}","templated":true}]}}