{"id":134142,"date":"2024-12-18T12:00:44","date_gmt":"2024-12-18T15:00:44","guid":{"rendered":"https:\/\/onordeste.com.br\/?p=134142"},"modified":"2024-12-18T12:00:44","modified_gmt":"2024-12-18T15:00:44","slug":"fundacao-pb-saude-realiza-concurso-publico","status":"publish","type":"post","link":"https:\/\/iparaiba.com.br\/index.php\/2024\/12\/18\/fundacao-pb-saude-realiza-concurso-publico\/","title":{"rendered":"Funda\u00e7\u00e3o PB Sa\u00fade realiza concurso p\u00fablico"},"content":{"rendered":"<p>A Funda\u00e7\u00e3o Paraibana de Gest\u00e3o em Sa\u00fade (PB Sa\u00fade) realizou, nesse s\u00e1bado e domingo (14 e 15) o concurso p\u00fablico para preenchimento de vagas imediatas e cadastro de reserva. As provas foram aplicadas nas cidades de Jo\u00e3o Pessoa, Guarabira, Campina Grande e Patos.<\/p>\n<p>O certame organizado pelo Instituto de Desenvolvimento Educacional, Cultural e Assistencial Nacional (Idecan) prev\u00ea 4.338 vagas, sendo 1.410 imediatas e 2.928 para forma\u00e7\u00e3o de cadastro de reserva, em 87 cargos. As oportunidades s\u00e3o para diversos cargos de n\u00edveis m\u00e9dio, t\u00e9cnico e superior, com sal\u00e1rios de R$ 1.698 a R$ 12 mil.<\/p>\n<p>O gerente executivo da PB Sa\u00fade e presidente da Comiss\u00e3o Organizadora do concurso, Andiry Guedes, destacou o compromisso da Funda\u00e7\u00e3o com o certame e com os candidatos. \u201cTivemos cerca de 19% de absten\u00e7\u00e3o e uma realiza\u00e7\u00e3o de provas com um baix\u00edssimo registro de ocorr\u00eancias, todas de menor gravidade. Avan\u00e7amos para as pr\u00f3ximas fases com a sensa\u00e7\u00e3o de dever cumprido e da concretiza\u00e7\u00e3o de mais um avan\u00e7o na sa\u00fade do nosso estado\u201d, afirmou.<\/p>\n","protected":false},"excerpt":{"rendered":"<p>A Funda\u00e7\u00e3o Paraibana de Gest\u00e3o em Sa\u00fade (PB Sa\u00fade) realizou, nesse s\u00e1bado e domingo (14 e 15) o concurso p\u00fablico para preenchimento de vagas imediatas e cadastro de reserva. As provas foram aplicadas nas cidades de Jo\u00e3o Pessoa, Guarabira, Campina Grande e Patos. O certame organizado pelo Instituto de Desenvolvimento Educacional, Cultural e Assistencial Nacional &hellip;<\/p>\n","protected":false},"author":1,"featured_media":97627,"comment_status":"open","ping_status":"open","sticky":false,"template":"","format":"standard","meta":{"footnotes":""},"categories":[2],"tags":[],"class_list":["post-134142","post","type-post","status-publish","format-standard","has-post-thumbnail","hentry","category-saude"],"_links":{"self":[{"href":"https:\/\/iparaiba.com.br\/index.php\/wp-json\/wp\/v2\/posts\/134142","targetHints":{"allow":["GET"]}}],"collection":[{"href":"https:\/\/iparaiba.com.br\/index.php\/wp-json\/wp\/v2\/posts"}],"about":[{"href":"https:\/\/iparaiba.com.br\/index.php\/wp-json\/wp\/v2\/types\/post"}],"author":[{"embeddable":true,"href":"https:\/\/iparaiba.com.br\/index.php\/wp-json\/wp\/v2\/users\/1"}],"replies":[{"embeddable":true,"href":"https:\/\/iparaiba.com.br\/index.php\/wp-json\/wp\/v2\/comments?post=134142"}],"version-history":[{"count":1,"href":"https:\/\/iparaiba.com.br\/index.php\/wp-json\/wp\/v2\/posts\/134142\/revisions"}],"predecessor-version":[{"id":134181,"href":"https:\/\/iparaiba.com.br\/index.php\/wp-json\/wp\/v2\/posts\/134142\/revisions\/134181"}],"wp:featuredmedia":[{"embeddable":true,"href":"https:\/\/iparaiba.com.br\/index.php\/wp-json\/wp\/v2\/media\/97627"}],"wp:attachment":[{"href":"https:\/\/iparaiba.com.br\/index.php\/wp-json\/wp\/v2\/media?parent=134142"}],"wp:term":[{"taxonomy":"category","embeddable":true,"href":"https:\/\/iparaiba.com.br\/index.php\/wp-json\/wp\/v2\/categories?post=134142"},{"taxonomy":"post_tag","embeddable":true,"href":"https:\/\/iparaiba.com.br\/index.php\/wp-json\/wp\/v2\/tags?post=134142"}],"curies":[{"name":"wp","href":"https:\/\/api.w.org\/{rel}","templated":true}]}}