{"id":134138,"date":"2024-12-18T06:00:51","date_gmt":"2024-12-18T09:00:51","guid":{"rendered":"https:\/\/onordeste.com.br\/?p=134138"},"modified":"2024-12-18T06:00:51","modified_gmt":"2024-12-18T09:00:51","slug":"centro-de-zoonoses-realiza-dia-d-de-adocao-responsavel","status":"publish","type":"post","link":"https:\/\/iparaiba.com.br\/index.php\/2024\/12\/18\/centro-de-zoonoses-realiza-dia-d-de-adocao-responsavel\/","title":{"rendered":"Centro de Zoonoses realiza Dia D de Ado\u00e7\u00e3o Respons\u00e1vel"},"content":{"rendered":"<p>No pr\u00f3ximo s\u00e1bado, dia 21 de dezembro, o Centro de Controle de Zoonoses (CCZ) de Campina Grande realizar\u00e1 o Dia \u2018D\u2019 de Ado\u00e7\u00e3o Respons\u00e1vel, evento que marcar\u00e1 o encerramento da campanha Dezembro Verde, uma a\u00e7\u00e3o de conscientiza\u00e7\u00e3o sobre o abandono de animais. O evento acontecer\u00e1 das 9h \u00e0s 13h, na Pra\u00e7a da Bandeira, no Centro, e contar\u00e1 com dezenas de c\u00e3es e gatos, todos resgatados de situa\u00e7\u00f5es de abandono e \u00e0 espera de um novo lar.<\/p>\n<p>Al\u00e9m das ado\u00e7\u00f5es, o p\u00fablico tamb\u00e9m poder\u00e1 aproveitar para vacinar seus c\u00e3es e gatos contra a raiva, com a oferta de vacina\u00e7\u00e3o antirr\u00e1bica gratuita para animais a partir dos tr\u00eas meses de idade. O CCZ tamb\u00e9m disponibilizar\u00e1 o agendamento para castra\u00e7\u00e3o de animais, uma importante medida para o controle populacional e para a sa\u00fade dos pets.<\/p>\n<p>A coordenadora do CCZ, Aretusa Nascimento, destaca a import\u00e2ncia da ado\u00e7\u00e3o respons\u00e1vel. \u201cDurante todo o m\u00eas de dezembro realizamos diversas a\u00e7\u00f5es de conscientiza\u00e7\u00e3o, sobre os danos do abandono de animais, e este evento ser\u00e1 um grande fechamento da nossa campanha. A ado\u00e7\u00e3o \u00e9 um ato de amor e responsabilidade, e queremos garantir que cada animal encontre um lar seguro e digno\u201d, afirmou Aretusa.<\/p>\n<p>Para adotar um animal \u00e9 necess\u00e1rio ser maior de 18 anos e apresentar um documento oficial com foto, al\u00e9m de um comprovante de resid\u00eancia. O CCZ refor\u00e7a a import\u00e2ncia da ado\u00e7\u00e3o respons\u00e1vel, onde o novo tutor assume o compromisso de cuidar do animal de forma amorosa e com todos os cuidados necess\u00e1rios.<\/p>\n<p>O Dia D de Ado\u00e7\u00e3o Respons\u00e1vel \u00e9 uma oportunidade para a popula\u00e7\u00e3o adotar um amigo de quatro patas, combater o abandono e contribuir para a constru\u00e7\u00e3o de uma sociedade mais solid\u00e1ria com os animais. Todos est\u00e3o convidados a participar e fazer a diferen\u00e7a na vida desses seres que tanto precisam de amor e carinho.<\/p>\n<p>_Servi\u00e7o: Dia D de Ado\u00e7\u00e3o Respons\u00e1vel_<\/p>\n<p>Data: 21 de dezembro (s\u00e1bado)<\/p>\n<p>Hor\u00e1rio: 9h \u00e0s 13h<\/p>\n<p>Local: Pra\u00e7a da Bandeira<\/p>\n<p>Atividades: Ado\u00e7\u00e3o respons\u00e1vel de c\u00e3es e gatos, vacina\u00e7\u00e3o antirr\u00e1bica gratuita e agendamento de castra\u00e7\u00e3o.<\/p>\n<p>Para mais informa\u00e7\u00f5es: @cczcgoficial \/ 3077-0107<\/p>\n<p>Codecom<\/p>\n","protected":false},"excerpt":{"rendered":"<p>No pr\u00f3ximo s\u00e1bado, dia 21 de dezembro, o Centro de Controle de Zoonoses (CCZ) de Campina Grande realizar\u00e1 o Dia \u2018D\u2019 de Ado\u00e7\u00e3o Respons\u00e1vel, evento que marcar\u00e1 o encerramento da campanha Dezembro Verde, uma a\u00e7\u00e3o de conscientiza\u00e7\u00e3o sobre o abandono de animais. O evento acontecer\u00e1 das 9h \u00e0s 13h, na Pra\u00e7a da Bandeira, no Centro, &hellip;<\/p>\n","protected":false},"author":1,"featured_media":109440,"comment_status":"open","ping_status":"open","sticky":false,"template":"","format":"standard","meta":{"footnotes":""},"categories":[15],"tags":[],"class_list":["post-134138","post","type-post","status-publish","format-standard","has-post-thumbnail","hentry","category-links"],"_links":{"self":[{"href":"https:\/\/iparaiba.com.br\/index.php\/wp-json\/wp\/v2\/posts\/134138","targetHints":{"allow":["GET"]}}],"collection":[{"href":"https:\/\/iparaiba.com.br\/index.php\/wp-json\/wp\/v2\/posts"}],"about":[{"href":"https:\/\/iparaiba.com.br\/index.php\/wp-json\/wp\/v2\/types\/post"}],"author":[{"embeddable":true,"href":"https:\/\/iparaiba.com.br\/index.php\/wp-json\/wp\/v2\/users\/1"}],"replies":[{"embeddable":true,"href":"https:\/\/iparaiba.com.br\/index.php\/wp-json\/wp\/v2\/comments?post=134138"}],"version-history":[{"count":1,"href":"https:\/\/iparaiba.com.br\/index.php\/wp-json\/wp\/v2\/posts\/134138\/revisions"}],"predecessor-version":[{"id":134179,"href":"https:\/\/iparaiba.com.br\/index.php\/wp-json\/wp\/v2\/posts\/134138\/revisions\/134179"}],"wp:featuredmedia":[{"embeddable":true,"href":"https:\/\/iparaiba.com.br\/index.php\/wp-json\/wp\/v2\/media\/109440"}],"wp:attachment":[{"href":"https:\/\/iparaiba.com.br\/index.php\/wp-json\/wp\/v2\/media?parent=134138"}],"wp:term":[{"taxonomy":"category","embeddable":true,"href":"https:\/\/iparaiba.com.br\/index.php\/wp-json\/wp\/v2\/categories?post=134138"},{"taxonomy":"post_tag","embeddable":true,"href":"https:\/\/iparaiba.com.br\/index.php\/wp-json\/wp\/v2\/tags?post=134138"}],"curies":[{"name":"wp","href":"https:\/\/api.w.org\/{rel}","templated":true}]}}