{"id":134136,"date":"2024-12-17T17:46:05","date_gmt":"2024-12-17T20:46:05","guid":{"rendered":"https:\/\/onordeste.com.br\/?p=134135"},"modified":"2024-12-17T17:46:05","modified_gmt":"2024-12-17T20:46:05","slug":"prefeitura-divulga-calendario-de-assinatura-do-termo-de-execucao","status":"publish","type":"post","link":"https:\/\/iparaiba.com.br\/index.php\/2024\/12\/17\/prefeitura-divulga-calendario-de-assinatura-do-termo-de-execucao\/","title":{"rendered":"Prefeitura divulga calend\u00e1rio de Assinatura do Termo de Execu\u00e7\u00e3o"},"content":{"rendered":"<p>A Prefeitura de Campina Grande, atrav\u00e9s da Secretaria de Cultura, divulgou o calend\u00e1rio de Assinatura do Termo de Execu\u00e7\u00e3o Cultural \u00a0do edital de fomento \u201cBiliu de Campina 2024\u201d, que integra a Pol\u00edtica Nacional Aldir Blanc. As assinaturas ser\u00e3o coletadas de duas formas: presencialmente na sede da Secult ou digitalmente (via Gov) pela plataforma Prosas. As datas, no entanto, dependem da categoria de cada contemplado da lei.<\/p>\n<p>&nbsp;<\/p>\n<div class=\"containerNewspaper\">\n<div class=\"main_single__content\">\n<div class=\"main-content-single\">\n<p>Para as Artes C\u00eanicas; M\u00fasica; Artes Visuais, as assinaturas ocorrem nesta ter\u00e7a-feira (17). No Artesanato; Livro, Leitura e Literatura; Audiovisual, as assinaturas ser\u00e3o coletadas na quarta-feira (18). Linguagens Digitais; Cultura Popular; Cultura Afro-brasileira, devem assinar na quinta-feira (19). J\u00e1 a Cultura Urbana; A\u00e7\u00f5es Formativas; Festivais, Mostras e Oficinas, ficam com a sexta-feira (20).<\/p>\n<p>Para quem escolher a assinatura presencial dever\u00e1 buscar a Secretaria, localizada no A\u00e7ude Novo, no dia citado para cada categoria, no hor\u00e1rio das 9h \u00e0s 13h. Caso o contemplado justifique, \u00e9 poss\u00edvel assinar em uma data diferente da citada pela categoria.<\/p>\n<p><strong>O edital<\/strong><\/p>\n<p>O edital \u201cBiliu de Campina 2024\u201d visa incentivar a produ\u00e7\u00e3o cultural, promovendo a diversidade e a inclus\u00e3o, al\u00e9m de valorizar as manifesta\u00e7\u00f5es art\u00edsticas da Rainha da Borborema, tornando-se mais uma ferramenta essencial para os artistas, coletivos e institui\u00e7\u00f5es que buscam desenvolver projetos inovadores e de relev\u00e2ncia social para a cidade.<\/p>\n<p>Al\u00e9m de fomentar a criatividade, a abertura do edital tamb\u00e9m proporciona a oportunidade de forma\u00e7\u00e3o para os proponentes, permitindo que novas vozes e talentos sejam descobertos e incentivados.<\/p>\n<p>Assim, o \u201cBiliu de Campina 2024\u201d torna-se um verdadeiro catalisador para o desenvolvimento cultural, promovendo um ambiente onde a arte e a cultura possam florescer e impactar positivamente a popula\u00e7\u00e3o campinense.<\/p>\n<p>O edital possui valor total de R$ 1.494.950,87 (um milh\u00e3o, quatrocentos e noventa e quatro mil, novecentos e cinquenta reais e oitenta e sete centavos), distribu\u00eddos da seguinte forma:<\/p>\n<p>a) R$ 114.000,00 (cento e catorze mil) para cada uma das 10 categorias de linguagens art\u00edsticas e express\u00f5es culturais, dando o total de R$ 1.140.000,00 (um milh\u00e3o, cento e quarenta mil);<\/p>\n<p>b) R$ 55.960,70 (cinquenta e cinco mil, novecentos e sessenta reais e setenta centavos) para as A\u00e7\u00f5es Formativas para qualquer categoria de linguagens art\u00edsticas e express\u00f5es culturais;<\/p>\n<p>c) R$ 298.990,17 (duzentos e noventa e oito mil, novecentos e noventa reais e dezessete centavos) para Festivais, Mostras e Oficinas (a\u00e7\u00f5es em \u00e1reas perif\u00e9ricas, urbanas e rurais, bem como em \u00e1reas de povos e comunidades tradicionais \u2013 percentual de 20% deste edital).<\/p>\n<p>Para garantir que todos tenham acesso \u00e0s informa\u00e7\u00f5es acerca do \u201cBiliu de Campina 2024\u201d, a Secult abriu um e-mail para sanar poss\u00edveis d\u00favidas no endere\u00e7o: pnabsecultcg@gmail.com; ou pelo telefone: (83) 3310-6808, com atendimento das 9h \u00e0s 13h de segunda a sexta-feira.<\/p>\n<p>Codecom<\/p>\n<\/div>\n<\/div>\n<\/div>\n<p>&nbsp;<\/p>\n","protected":false},"excerpt":{"rendered":"<p>A Prefeitura de Campina Grande, atrav\u00e9s da Secretaria de Cultura, divulgou o calend\u00e1rio de Assinatura do Termo de Execu\u00e7\u00e3o Cultural \u00a0do edital de fomento \u201cBiliu de Campina 2024\u201d, que integra a Pol\u00edtica Nacional Aldir Blanc. As assinaturas ser\u00e3o coletadas de duas formas: presencialmente na sede da Secult ou digitalmente (via Gov) pela plataforma Prosas. As &hellip;<\/p>\n","protected":false},"author":1,"featured_media":115094,"comment_status":"open","ping_status":"open","sticky":false,"template":"","format":"standard","meta":{"footnotes":""},"categories":[4],"tags":[],"class_list":["post-134136","post","type-post","status-publish","format-standard","has-post-thumbnail","hentry","category-cultura"],"_links":{"self":[{"href":"https:\/\/iparaiba.com.br\/index.php\/wp-json\/wp\/v2\/posts\/134136","targetHints":{"allow":["GET"]}}],"collection":[{"href":"https:\/\/iparaiba.com.br\/index.php\/wp-json\/wp\/v2\/posts"}],"about":[{"href":"https:\/\/iparaiba.com.br\/index.php\/wp-json\/wp\/v2\/types\/post"}],"author":[{"embeddable":true,"href":"https:\/\/iparaiba.com.br\/index.php\/wp-json\/wp\/v2\/users\/1"}],"replies":[{"embeddable":true,"href":"https:\/\/iparaiba.com.br\/index.php\/wp-json\/wp\/v2\/comments?post=134136"}],"version-history":[{"count":1,"href":"https:\/\/iparaiba.com.br\/index.php\/wp-json\/wp\/v2\/posts\/134136\/revisions"}],"predecessor-version":[{"id":134178,"href":"https:\/\/iparaiba.com.br\/index.php\/wp-json\/wp\/v2\/posts\/134136\/revisions\/134178"}],"wp:featuredmedia":[{"embeddable":true,"href":"https:\/\/iparaiba.com.br\/index.php\/wp-json\/wp\/v2\/media\/115094"}],"wp:attachment":[{"href":"https:\/\/iparaiba.com.br\/index.php\/wp-json\/wp\/v2\/media?parent=134136"}],"wp:term":[{"taxonomy":"category","embeddable":true,"href":"https:\/\/iparaiba.com.br\/index.php\/wp-json\/wp\/v2\/categories?post=134136"},{"taxonomy":"post_tag","embeddable":true,"href":"https:\/\/iparaiba.com.br\/index.php\/wp-json\/wp\/v2\/tags?post=134136"}],"curies":[{"name":"wp","href":"https:\/\/api.w.org\/{rel}","templated":true}]}}